{"id":404987,"date":"2025-09-20T14:11:10","date_gmt":"2025-09-20T14:11:10","guid":{"rendered":"https:\/\/www.europesays.com\/fr\/404987\/"},"modified":"2025-09-20T14:11:10","modified_gmt":"2025-09-20T14:11:10","slug":"5-personnes-mises-en-examen-8-millions-deuros-de-prejudice","status":"publish","type":"post","link":"https:\/\/www.europesays.com\/fr\/404987\/","title":{"rendered":"5 personnes mises en examen, 8 millions d&rsquo;euros de pr\u00e9judice"},"content":{"rendered":"<p>Cinq personnes ont \u00e9t\u00e9 mises en examen dont deux incarc\u00e9r\u00e9es dans le cadre d\u2019une enqu\u00eate sur une fraude portant sur <a href=\"https:\/\/www.laprovence.com\/article\/region\/175352392897314\/six-dentistes-marseillais-suspendus-par-l-ars-pour-des-manquements-aux-regles-d-hygiene\" target=\"_blank\" rel=\"noopener\">le rachat de centres dentaires<\/a> avec un pr\u00e9judice estim\u00e9 \u00e0 8\u00a0millions d\u2019euros pour l\u2019Assurance maladie, a appris l\u2019AFP vendredi 19\u00a0septembre aupr\u00e8s de la gendarmerie.<\/p>\n<p>Les cinq suspects ont \u00e9t\u00e9 interpell\u00e9s lundi et mardi dans le cadre d\u2019une enqu\u00eate ouverte \u00e0 l\u2019\u00e9t\u00e9\u00a02024 par la Juridiction nationale de lutte contre la criminalit\u00e9 organis\u00e9e (Junalco) et confi\u00e9e \u00e0 l\u2019Office central de lutte contre le travail ill\u00e9gal (OCLTI), relate dans un communiqu\u00e9 la gendarmerie.<\/p>\n<p>Le pr\u00e9judice s\u2019\u00e9l\u00e8ve \u00ab\u00a0\u00e0 au moins 8 millions d\u2019euros\u00a0\u00bb<\/p>\n<p>Parmi les mis en cause figure un homme soup\u00e7onn\u00e9 d\u2019\u00eatre \u00ab\u00a0le chef du r\u00e9seau (qui) rachetait des centres dentaires en difficult\u00e9 et facturait, avec la complicit\u00e9 de secr\u00e9taires m\u00e9dicales, des actes fictifs\u00a0\u00bb, pr\u00e9cise la m\u00eame source.<\/p>\n<p>Le pr\u00e9judice s\u2019\u00e9l\u00e8ve \u00ab\u00a0\u00e0 au moins 8\u00a0millions d\u2019euros\u00a0\u00bb, selon la gendarmerie.<\/p>\n<p>\u00c0 l\u2019issue de leur garde \u00e0 vue, les cinq personnes ont \u00e9t\u00e9 mises en examen\u00a0; deux ont \u00e9t\u00e9 plac\u00e9es en d\u00e9tention provisoire et trois sous contr\u00f4le judiciaire, a-t-on pr\u00e9cis\u00e9.<\/p>\n<p><a href=\"https:\/\/www.laprovence.com\/article\/region\/25745569115572\/soupcons-de-fraude-traitements-inacheves-salaires-impayes-les-suites-de-l-affaire-natiodent-a-marseille\" target=\"_blank\" rel=\"noopener\">L\u2019enqu\u00eate a d\u00e9marr\u00e9<\/a> apr\u00e8s \u00ab\u00a0la cession d\u2019un centre dentaire sur un site de vente en ligne, lorsque le vendeur s\u2019est rendu compte que des actes fictifs \u00e9taient factur\u00e9s \u00e0 son nom\u00a0\u00bb, selon le communiqu\u00e9.<\/p>\n<p>\u00ab\u00a0Apr\u00e8s avoir fait l\u2019acquisition du centre de sant\u00e9, et obtenu des cartes de professionnels de sant\u00e9 et des listings de patients, les escrocs facturaient des actes fictifs \u00e0 l\u2019Assurance maladie dont ils obtenaient le remboursement\u00a0\u00bb, d\u00e9taille la gendarmerie.<\/p>\n<p>\u00ab\u00a08 centres \u00e0 Paris et Marseille\u00a0\u00bb<\/p>\n<p>Le r\u00e9seau a \u00ab\u00a0fait l\u2019acquisition de 8 centres \u00e0 Paris et Marseille\u00a0\u00bb, selon l\u2019enqu\u00eate.<\/p>\n<p>Par ailleurs, les investigations de l\u2019OCLTI ont mis au jour \u00ab\u00a0l\u2019existence d\u2019une importante fili\u00e8re internationale de blanchiment d\u2019argent s\u2019appuyant sur 280 soci\u00e9t\u00e9s implant\u00e9es en France et \u00e0 l\u2019\u00e9tranger\u00a0\u00bb\u00a0et \u00ab\u00a0\u00e0 ce stade, un million d\u2019euros a \u00e9t\u00e9 saisi au titre des avoirs criminels\u00a0\u00bb, d\u2019apr\u00e8s le communiqu\u00e9.<\/p>\n<p>La d\u00e9r\u00e9gulation du secteur des centres de sant\u00e9 en\u00a02009 (loi Bachelot) puis en\u00a02018 a facilit\u00e9 l\u2019\u00e9mergence de centres de sant\u00e9 aux pratiques douteuses, voire frauduleuses, en particulier dans le domaine du dentaire et de l\u2019ophtalmologie.<\/p>\n<p>L\u2019Assurance maladie, qui a renforc\u00e9 consid\u00e9rablement ses contr\u00f4les sur les centres de sant\u00e9, a d\u00e9tect\u00e9 en\u00a02024 39\u00a0millions d\u2019euros de fraudes dans ce secteur, dans des proc\u00e9dures aboutissant au d\u00e9conventionnement de 30 centres, contre 21 en\u00a02023, selon ses chiffres.<\/p>\n","protected":false},"excerpt":{"rendered":"Cinq personnes ont \u00e9t\u00e9 mises en examen dont deux incarc\u00e9r\u00e9es dans le cadre d\u2019une enqu\u00eate sur une fraude&hellip;\n","protected":false},"author":2,"featured_media":404988,"comment_status":"","ping_status":"","sticky":false,"template":"","format":"standard","meta":{"footnotes":""},"categories":[2814],"tags":[17,1111,11,12405,30706,2834,1777,674,1011,27,1006,884,12,626,882,8847,16,25],"class_list":{"0":"post-404987","1":"post","2":"type-post","3":"status-publish","4":"format-standard","5":"has-post-thumbnail","7":"category-marseille","8":"tag-17","9":"tag-actu","10":"tag-actualites","11":"tag-centres","12":"tag-dentaires","13":"tag-entre","14":"tag-eu","15":"tag-europe","16":"tag-fr","17":"tag-france","18":"tag-fraude","19":"tag-marseille","20":"tag-news","21":"tag-paris","22":"tag-provence-alpes-cote-dazur","23":"tag-rachat","24":"tag-region","25":"tag-republique-francaise"},"share_on_mastodon":{"url":"https:\/\/pubeurope.com\/@fr\/115237033395470399","error":""},"_links":{"self":[{"href":"https:\/\/www.europesays.com\/fr\/wp-json\/wp\/v2\/posts\/404987","targetHints":{"allow":["GET"]}}],"collection":[{"href":"https:\/\/www.europesays.com\/fr\/wp-json\/wp\/v2\/posts"}],"about":[{"href":"https:\/\/www.europesays.com\/fr\/wp-json\/wp\/v2\/types\/post"}],"author":[{"embeddable":true,"href":"https:\/\/www.europesays.com\/fr\/wp-json\/wp\/v2\/users\/2"}],"replies":[{"embeddable":true,"href":"https:\/\/www.europesays.com\/fr\/wp-json\/wp\/v2\/comments?post=404987"}],"version-history":[{"count":0,"href":"https:\/\/www.europesays.com\/fr\/wp-json\/wp\/v2\/posts\/404987\/revisions"}],"wp:featuredmedia":[{"embeddable":true,"href":"https:\/\/www.europesays.com\/fr\/wp-json\/wp\/v2\/media\/404988"}],"wp:attachment":[{"href":"https:\/\/www.europesays.com\/fr\/wp-json\/wp\/v2\/media?parent=404987"}],"wp:term":[{"taxonomy":"category","embeddable":true,"href":"https:\/\/www.europesays.com\/fr\/wp-json\/wp\/v2\/categories?post=404987"},{"taxonomy":"post_tag","embeddable":true,"href":"https:\/\/www.europesays.com\/fr\/wp-json\/wp\/v2\/tags?post=404987"}],"curies":[{"name":"wp","href":"https:\/\/api.w.org\/{rel}","templated":true}]}}