{"id":404991,"date":"2025-09-20T14:13:10","date_gmt":"2025-09-20T14:13:10","guid":{"rendered":"https:\/\/www.europesays.com\/fr\/404991\/"},"modified":"2025-09-20T14:13:10","modified_gmt":"2025-09-20T14:13:10","slug":"lyon-deux-lyonnaises-nommees-au-gouincourt-prix-litteraire-lesbien-inspire-du-goncourt","status":"publish","type":"post","link":"https:\/\/www.europesays.com\/fr\/404991\/","title":{"rendered":"Lyon. Deux Lyonnaises nomm\u00e9es au Gouincourt, prix litt\u00e9raire lesbien inspir\u00e9 du Goncourt"},"content":{"rendered":"<p>Apr\u00e8s la s\u00e9lection de deux Lyonnais <a href=\"https:\/\/www.leprogres.fr\/societe\/2025\/09\/03\/un-lyonnais-dans-la-premiere-liste-du-prix-goncourt\" target=\"_blank\" rel=\"nofollow noopener\"> au prix Goncourt 2025<\/a> , deux \u00e9crivaines de la r\u00e9gion ont \u00e9t\u00e9 nomm\u00e9es au prix Gouincourt. Lanc\u00e9 par Lauriane Nicol, fondatrice du m\u00e9dia Lesbien Raisonnable, et le chercheur en litt\u00e9rature Alex Lachkar, cette variante homosexuelle du c\u00e9l\u00e8bre prix litt\u00e9raire organise sa premi\u00e8re \u00e9dition cette ann\u00e9e.<\/p>\n<p>Un jury compos\u00e9 d\u2019artistes s\u2019est accord\u00e9 sur quatorze ouvrages francophones lesbiens sortis en 2025.\u00a0Parmi eux, Mais cette vie-l\u00e0 demande. toujours. plus. de. lumi\u00e8re. de Sabrina Calvo paru aux \u00e9ditions du commun et Le Parlement de l\u2019eau de la Lyonnaise <a href=\"https:\/\/www.leprogres.fr\/rhone-69-edition-lyon-metropole\/2018\/11\/28\/la-lyonnaise-wendy-delorme-remporte-le-premier-prix-joseph-pour-son-roman-le-corps-est-une-chimere\" target=\"_blank\" rel=\"nofollow noopener\">Wendy Delorme<\/a> aux \u00e9ditions Cambourakis.<\/p>\n<p>  Lutter contre les discriminations<\/p>\n<p>L\u2019organisation d\u00e9taille sur Instagram\u00a0: \u00ab\u00a0Dans une p\u00e9riode o\u00f9 le racisme, la transphobie, le validisme et globalement la mont\u00e9e de l\u2019extr\u00eame droite sont palpables partout, y compris dans le monde de l\u2019\u00e9dition, nous voulons affirmer les valeurs que nous d\u00e9fendons. Notre prix doit refl\u00e9ter notre engagement contre toutes les formes de discrimination, m\u00eame quand elles sont ancr\u00e9es dans les habitudes du milieu de l\u2019\u00e9dition.\u00a0\u00bb<\/p>\n<p>Ce contenu est bloqu\u00e9 car vous n&rsquo;avez pas accept\u00e9 les cookies et autres traceurs.<\/p>\n<p>En cliquant sur \u00ab J\u2019accepte \u00bb, les cookies et autres traceurs seront d\u00e9pos\u00e9s et vous pourrez visualiser les contenus  (<a href=\"\" class=\"consentModule_policy\" target=\"_blank\" title=\"Consulter la politique de protection des donn\u00e9es du fournisseur\">plus d&rsquo;informations<\/a>).<\/p>\n<p>En cliquant sur \u00ab J\u2019accepte tous les cookies \u00bb, vous autorisez des d\u00e9p\u00f4ts de cookies et autres traceurs pour le stockage de vos donn\u00e9es sur nos sites et applications \u00e0 des fins de personnalisation et de ciblage publicitaire.<\/p>\n<p class=\"consentModule_secondaryText\">Vous gardez la possibilit\u00e9 de retirer votre consentement \u00e0 tout moment en consultant notre <a href=\"https:\/\/www.leprogres.fr\/protection-des-donnees\" target=\"_blank\" title=\"Consulter notre politique de protection des donn\u00e9es\" rel=\"nofollow noopener\">politique de protection des donn\u00e9es<\/a>. <br \/>&#13;<br \/>\n            <a href=\"https:\/\/www.leprogres.fr\/culture-loisirs\/2025\/09\/20\/javascript:Didomi.notice.show()\" class=\"consentModule_cmp\" rel=\"nofollow noopener\" target=\"_blank\">G\u00e9rer mes choix<\/a>&#13;\n        <\/p>\n<p>&#13;<br \/>\n                        J&rsquo;accepte&#13;<br \/>\n            J&rsquo;accepte tous les cookies&#13;\n        <\/p>\n<p>Exit l\u2019angle initial du roman, \u00ab\u00a0nous avons d\u00e9cid\u00e9 d\u2019\u00e9largir nos crit\u00e8res et nous consid\u00e9rons d\u00e9sormais les ouvrages francophones lesbiens sortis depuis le 1er \u00a0\u00a0janvier 2025.\u00a0\u00bb L\u2019ouvrage de Sabrina Calvo est ainsi un texte de po\u00e9sie quand celui de Wendy Delorme est un roman d\u2019enqu\u00eate.<\/p>\n<p>  7\u00a0novembre 2025<\/p>\n<p>Le jury compos\u00e9 de la po\u00e9tesse Meryem Alqamar, l\u2019auteurice Al Baylac, la responsable \u00e9ditoriale M\u00e9lie Chen, l\u2019autrice Lauren Delphe, l\u2019\u00e9crivaine et <a href=\"https:\/\/www.leprogres.fr\/rhone-69-edition-lyon-metropole\/2018\/07\/17\/virginie-despentes-une-bonne-dose-de-subutex-a-la-croix-rousse\" target=\"_blank\" rel=\"nofollow noopener\">dramaturge<\/a> Virginie <a href=\"https:\/\/www.leprogres.fr\/p\/virginie-despentes\" target=\"_blank\" rel=\"nofollow noopener\">Despentes<\/a> (qui doit son pseudonyme aux pentes de la Croix-Rousse o\u00f9 elle a v\u00e9cu), l\u2019artiste Lou Edin, l\u2019historienne de l\u2019art Elisabeth Lebovici, l\u2019actrice Anna Mouglalis, la po\u00e9tesse Joelle Sambi et la libraire Olivia Sanchez, d\u00e9signera la laur\u00e9ate le 7\u00a0novembre 2025.<\/p>\n<p>En partenariat avec le Fond Lesbiennes d\u2019int\u00e9r\u00eat g\u00e9n\u00e9ral (LIG), le nouveau prix litt\u00e9raire organisera une c\u00e9r\u00e9monie et offrira un bandeau au livre gagnant. Une initiative aussi bien militante que bienveillante.<\/p>\n","protected":false},"excerpt":{"rendered":"Apr\u00e8s la s\u00e9lection de deux Lyonnais au prix Goncourt 2025 , deux \u00e9crivaines de la r\u00e9gion ont \u00e9t\u00e9&hellip;\n","protected":false},"author":2,"featured_media":404992,"comment_status":"","ping_status":"","sticky":false,"template":"","format":"standard","meta":{"footnotes":""},"categories":[1889],"tags":[1111,11,2430,1687,2757,1777,674,1011,27,2410,2428,2756,12,25,2429],"class_list":{"0":"post-404991","1":"post","2":"type-post","3":"status-publish","4":"format-standard","5":"has-post-thumbnail","7":"category-lyon","8":"tag-actu","9":"tag-actualites","10":"tag-auvergne-rhone-alpes","11":"tag-culture-loisirs","12":"tag-edition-lyon-villeurbanne","13":"tag-eu","14":"tag-europe","15":"tag-fr","16":"tag-france","17":"tag-livres-bd","18":"tag-lyon","19":"tag-lyon-bassin","20":"tag-news","21":"tag-republique-francaise","22":"tag-rhone"},"share_on_mastodon":{"url":"https:\/\/pubeurope.com\/@fr\/115237041187045651","error":""},"_links":{"self":[{"href":"https:\/\/www.europesays.com\/fr\/wp-json\/wp\/v2\/posts\/404991","targetHints":{"allow":["GET"]}}],"collection":[{"href":"https:\/\/www.europesays.com\/fr\/wp-json\/wp\/v2\/posts"}],"about":[{"href":"https:\/\/www.europesays.com\/fr\/wp-json\/wp\/v2\/types\/post"}],"author":[{"embeddable":true,"href":"https:\/\/www.europesays.com\/fr\/wp-json\/wp\/v2\/users\/2"}],"replies":[{"embeddable":true,"href":"https:\/\/www.europesays.com\/fr\/wp-json\/wp\/v2\/comments?post=404991"}],"version-history":[{"count":0,"href":"https:\/\/www.europesays.com\/fr\/wp-json\/wp\/v2\/posts\/404991\/revisions"}],"wp:featuredmedia":[{"embeddable":true,"href":"https:\/\/www.europesays.com\/fr\/wp-json\/wp\/v2\/media\/404992"}],"wp:attachment":[{"href":"https:\/\/www.europesays.com\/fr\/wp-json\/wp\/v2\/media?parent=404991"}],"wp:term":[{"taxonomy":"category","embeddable":true,"href":"https:\/\/www.europesays.com\/fr\/wp-json\/wp\/v2\/categories?post=404991"},{"taxonomy":"post_tag","embeddable":true,"href":"https:\/\/www.europesays.com\/fr\/wp-json\/wp\/v2\/tags?post=404991"}],"curies":[{"name":"wp","href":"https:\/\/api.w.org\/{rel}","templated":true}]}}