{"id":405001,"date":"2025-09-20T14:19:13","date_gmt":"2025-09-20T14:19:13","guid":{"rendered":"https:\/\/www.europesays.com\/fr\/405001\/"},"modified":"2025-09-20T14:19:13","modified_gmt":"2025-09-20T14:19:13","slug":"quinte-du-dimanche-21-septembre-2025-a-vincennes-les-pronostics","status":"publish","type":"post","link":"https:\/\/www.europesays.com\/fr\/405001\/","title":{"rendered":"Quint\u00e9 du dimanche 21 septembre 2025 \u00e0 Vincennes : les pronostics"},"content":{"rendered":"<p class=\"article-p mdl\">Retrouvez les pronostics de Dominique Cordier pour le Quint\u00e9 du dimanche 21 septembre 2025 \u00e0 Vincennes, le Prix de Taverny. <strong>D\u00e9part \u00e0 15h15. 16 partants. <\/strong>Trot attel\u00e9. 2.850 m\u00e8tres. Grande piste. Trotteurs de 6 ans.&#13;<\/p>\n<p class=\"article-p mdl\">Difficile d\u2019avoir en m\u00eame temps le nombre de partants et la qualit\u00e9 des chevaux.&#13;<\/p>\n<p class=\"article-p mdl\">Modeste prix de s\u00e9rie pour des trotteurs de 6 ans n\u2019ayant pas gagn\u00e9 87.000 euros, une paille \u00e0 cet \u00e2ge, ce Prix de Taverny oppose \u00e0 la fois des sujets n\u2019ayant que tr\u00e8s peu couru sur la grande piste de Vincennes, ou alors mal, et d\u2019autres qui ne s\u2019y sont jamais distingu\u00e9s.&#13;<\/p>\n<p class=\"article-p mdl\">Notre favori, le <strong>15 Jazzman,<\/strong> fait partie du second wagon. En forme et bien engag\u00e9, la victoire peut apparemment lui sourire.&#13;<\/p>\n<p class=\"article-p mdl\">Le plus riche de la course, le <strong>16 Jerk Haufor<\/strong>, d\u00e9bute \u00e0 Vincennes. Mais il a \u00e9t\u00e9 patiemment fa\u00e7onn\u00e9 par Franck Pellerot et est n\u00e9 pour y briller un jour.&#13;<\/p>\n<p class=\"article-p mdl\">L\u2019outsider de RTL, le <strong>5 Jerry de l\u2019Erdre<\/strong>,<strong> <\/strong>a d\u00e9j\u00e0 vu ici, pour une cinqui\u00e8me place obtenue sur une distance plus courte.&#13;<\/p>\n<p class=\"article-p mdl\">Pr\u00e9sent\u00e9 dans la forme de sa vie, il peut pimenter les rapports du Quint\u00e9, que l\u2019on peut imaginer cons\u00e9quent. Enfin !<\/p>\n<p>            Les pronostics<\/p>\n<p class=\"article-p mdl\">15. Jazzman&#13;<br \/>16. Jerk Haufor&#13;<br \/>9. Jet de Busset&#13;<br \/>8. Joker Castilluane&#13;<br \/>5. Jerry de l\u2019Erdre&#13;<br \/>11. Jahina Vita&#13;<br \/>7. J\u2019adore d\u2019Isques\n<\/p>\n<p>    L&rsquo;outsider de RTL<\/p>\n<p class=\"article-p mdl\">5. Jerry de l\u2019Erdre<\/p>\n<p>    R\u00e9sultats du vendredi 19 septembre 2025 en nocturne \u00e0 Vincennes<\/p>\n<p class=\"article-p mdl\">Le favori de RTL se classe 4e, l\u2019outsider de RTL 11e. La s\u00e9lection indique le Quart\u00e9.<\/p>\n<p>    La r\u00e9daction vous recommande<\/p>\n<p class=\"s-newsletter__title\">\n                L\u2019actualit\u00e9 par la r\u00e9daction de RTL dans votre bo\u00eete mail.\n            <\/p>\n<p class=\"s-newsletter__subtitle\">\n                Gr\u00e2ce \u00e0 votre compte RTL abonnez-vous \u00e0 la newsletter RTL info pour suivre toute l&rsquo;actualit\u00e9 au quotidien\n            <\/p>\n<p>\n                                    Lire la suite\n                                <\/p>\n","protected":false},"excerpt":{"rendered":"Retrouvez les pronostics de Dominique Cordier pour le Quint\u00e9 du dimanche 21 septembre 2025 \u00e0 Vincennes, le Prix&hellip;\n","protected":false},"author":2,"featured_media":3836,"comment_status":"","ping_status":"","sticky":false,"template":"","format":"standard","meta":{"footnotes":""},"categories":[1888],"tags":[11,2621,2622,1777,674,107,2619,1011,27,12,626,2623,25],"class_list":{"0":"post-405001","1":"post","2":"type-post","3":"status-publish","4":"format-standard","5":"has-post-thumbnail","7":"category-paris","8":"tag-actualites","9":"tag-chevaux","10":"tag-courses","11":"tag-eu","12":"tag-europe","13":"tag-fil-info","14":"tag-fil-sport","15":"tag-fr","16":"tag-france","17":"tag-news","18":"tag-paris","19":"tag-quinte","20":"tag-republique-francaise"},"share_on_mastodon":{"url":"https:\/\/pubeurope.com\/@fr\/115237064758174921","error":""},"_links":{"self":[{"href":"https:\/\/www.europesays.com\/fr\/wp-json\/wp\/v2\/posts\/405001","targetHints":{"allow":["GET"]}}],"collection":[{"href":"https:\/\/www.europesays.com\/fr\/wp-json\/wp\/v2\/posts"}],"about":[{"href":"https:\/\/www.europesays.com\/fr\/wp-json\/wp\/v2\/types\/post"}],"author":[{"embeddable":true,"href":"https:\/\/www.europesays.com\/fr\/wp-json\/wp\/v2\/users\/2"}],"replies":[{"embeddable":true,"href":"https:\/\/www.europesays.com\/fr\/wp-json\/wp\/v2\/comments?post=405001"}],"version-history":[{"count":0,"href":"https:\/\/www.europesays.com\/fr\/wp-json\/wp\/v2\/posts\/405001\/revisions"}],"wp:featuredmedia":[{"embeddable":true,"href":"https:\/\/www.europesays.com\/fr\/wp-json\/wp\/v2\/media\/3836"}],"wp:attachment":[{"href":"https:\/\/www.europesays.com\/fr\/wp-json\/wp\/v2\/media?parent=405001"}],"wp:term":[{"taxonomy":"category","embeddable":true,"href":"https:\/\/www.europesays.com\/fr\/wp-json\/wp\/v2\/categories?post=405001"},{"taxonomy":"post_tag","embeddable":true,"href":"https:\/\/www.europesays.com\/fr\/wp-json\/wp\/v2\/tags?post=405001"}],"curies":[{"name":"wp","href":"https:\/\/api.w.org\/{rel}","templated":true}]}}