{"id":405006,"date":"2025-09-20T14:22:13","date_gmt":"2025-09-20T14:22:13","guid":{"rendered":"https:\/\/www.europesays.com\/fr\/405006\/"},"modified":"2025-09-20T14:22:13","modified_gmt":"2025-09-20T14:22:13","slug":"zelensky-rencontrera-trump-la-semaine-prochaine","status":"publish","type":"post","link":"https:\/\/www.europesays.com\/fr\/405006\/","title":{"rendered":"Zelensky rencontrera Trump la semaine prochaine"},"content":{"rendered":"<p class=\"app_entry_lead\">\n<p>                    <a title=\"\u00a0\u00a9\u00a0Ukrainian Presidency\/SIPA (publi\u00e9e le 20\/09\/2025)\" href=\"https:\/\/www.europesays.com\/fr\/wp-content\/uploads\/2025\/09\/80511406.jpg\" class=\"fancy\"><\/p>\n<p>                            <img loading=\"lazy\" decoding=\"async\" src=\"https:\/\/www.europesays.com\/fr\/wp-content\/uploads\/2025\/09\/80511406.jpg\" alt=\"Guerre en Ukraine\u00a0: Zelensky rencontrera Trump la semaine prochaine\" width=\"1500\" height=\"1001\"\/><\/p>\n<p>                    <\/a><\/p>\n<p>                Alors que la situation \u00e0 l&rsquo;est s&rsquo;envenime et que les \u00e9changes entre Moscou et Washington se font rares, Volodymyr Zelensky a annonc\u00e9 qu&rsquo;il rencontrerait Donald Trump la semaine prochaine.\u2028<\/p>\n<p>Alors que la situation \u00e0 l&rsquo;est s&rsquo;envenime et que les \u00e9changes entre Moscou et Washington se font rares, Volodymyr Zelensky a annonc\u00e9 qu&rsquo;il rencontrerait Donald Trump la semaine prochaine. Vladimir Poutine a \u00ab\u00a0laiss\u00e9 tomber\u00a0\u00bb Donald Trump, selon les mots du pr\u00e9sident am\u00e9ricain, en ne donnant aucun gage de bonne volont\u00e9 pour mettre fin \u00e0 la guerre en Ukraine. Alors qu&rsquo;il avait re\u00e7u en grande pompe son homologue russe cet \u00e9t\u00e9 en Alaska, Donald Trump semble laisser tomber la n\u00e9gociation avec la Russie comme moyen de paix. Il se tourne maintenant vers Volodymyr Zelensky, qui a annonc\u00e9 qu&rsquo;il rencontrerait Donald Trump la semaine prochaine, en marge de l&rsquo;Assembl\u00e9e g\u00e9n\u00e9rale de l&rsquo;ONU \u00e0 New York.<\/p>\n<p>Pour le pr\u00e9sident ukrainien, il est \u00e9vident que Vladimir Poutine ne veut pas la paix et ne l&rsquo;acceptera que s&rsquo;il y est contraint. Il faut dire que la nuit a encore \u00e9t\u00e9 synonyme de bombardements en Ukraine. 40\u00a0missiles et pr\u00e8s de 600\u00a0drones se sont abattus sur le sol ukrainien dans la nuit de vendredi \u00e0 samedi. \u00ab\u00a0Chaque frappe de ce type ne r\u00e9pond pas \u00e0 une n\u00e9cessit\u00e9 militaire, mais \u00e0 une strat\u00e9gie d\u00e9lib\u00e9r\u00e9e de la Russie visant \u00e0 terroriser les civils et \u00e0 d\u00e9truire nos infrastructures\u00a0\u00bb, accuse le pr\u00e9sident ukrainien sur les r\u00e9seaux sociaux.<\/p>\n<p>Des sanctions et des garanties<\/p>\n<p>Volodymyr Zelensky a assur\u00e9, samedi, devant la presse qu&rsquo;il \u00e9voquerait avec Donald Trump les garanties de s\u00e9curit\u00e9 en cas d&rsquo;accord de paix avec la Russie, mais aussi les sanctions contre Moscou. Les deux hommes sont sur la m\u00eame longueur d&rsquo;onde concernant les hydrocarbures russes qui doivent arr\u00eater d&rsquo;\u00eatre utilis\u00e9s par des pays alli\u00e9s, ce qui est le cas pour certains pays d&rsquo;Europe (Hongrie et Slovaquie).<\/p>\n<p>Alors, la Commission europ\u00e9enne a d\u00e9cid\u00e9 d&rsquo;adopter un \u00ab\u00a019e paquet\u00a0\u00bb de \u00ab\u00a0sanctions contre la Russie\u00a0\u00bb, comme l&rsquo;a annonc\u00e9 Ursula Von der Leyen \u00e0 la presse, vendredi. Elle avait promis mardi des \u00ab\u00a0mesures suppl\u00e9mentaires\u00a0\u00bb contre la Russie \u00e0 Donald Trump. Le but de ce paquet de sanctions est d'\u00a0\u00bb acc\u00e9l\u00e9rer \u00a0\u00bb le sevrage europ\u00e9en des hydrocarbures russes.<\/p>\n","protected":false},"excerpt":{"rendered":"Alors que la situation \u00e0 l&rsquo;est s&rsquo;envenime et que les \u00e9changes entre Moscou et Washington se font rares,&hellip;\n","protected":false},"author":2,"featured_media":405007,"comment_status":"","ping_status":"","sticky":false,"template":"","format":"standard","meta":{"footnotes":""},"categories":[1590],"tags":[11,53643,51761,1777,674,51763,74,12,51767,220],"class_list":{"0":"post-405006","1":"post","2":"type-post","3":"status-publish","4":"format-standard","5":"has-post-thumbnail","7":"category-ukraine","8":"tag-actualites","9":"tag-cms-linternaute-8857734","10":"tag-controller-content","11":"tag-eu","12":"tag-europe","13":"tag-format-papier","14":"tag-monde","15":"tag-news","16":"tag-parallaxeinfeed","17":"tag-ukraine"},"share_on_mastodon":{"url":"https:\/\/pubeurope.com\/@fr\/115237076729642393","error":""},"_links":{"self":[{"href":"https:\/\/www.europesays.com\/fr\/wp-json\/wp\/v2\/posts\/405006","targetHints":{"allow":["GET"]}}],"collection":[{"href":"https:\/\/www.europesays.com\/fr\/wp-json\/wp\/v2\/posts"}],"about":[{"href":"https:\/\/www.europesays.com\/fr\/wp-json\/wp\/v2\/types\/post"}],"author":[{"embeddable":true,"href":"https:\/\/www.europesays.com\/fr\/wp-json\/wp\/v2\/users\/2"}],"replies":[{"embeddable":true,"href":"https:\/\/www.europesays.com\/fr\/wp-json\/wp\/v2\/comments?post=405006"}],"version-history":[{"count":0,"href":"https:\/\/www.europesays.com\/fr\/wp-json\/wp\/v2\/posts\/405006\/revisions"}],"wp:featuredmedia":[{"embeddable":true,"href":"https:\/\/www.europesays.com\/fr\/wp-json\/wp\/v2\/media\/405007"}],"wp:attachment":[{"href":"https:\/\/www.europesays.com\/fr\/wp-json\/wp\/v2\/media?parent=405006"}],"wp:term":[{"taxonomy":"category","embeddable":true,"href":"https:\/\/www.europesays.com\/fr\/wp-json\/wp\/v2\/categories?post=405006"},{"taxonomy":"post_tag","embeddable":true,"href":"https:\/\/www.europesays.com\/fr\/wp-json\/wp\/v2\/tags?post=405006"}],"curies":[{"name":"wp","href":"https:\/\/api.w.org\/{rel}","templated":true}]}}