{"id":405027,"date":"2025-09-20T14:38:10","date_gmt":"2025-09-20T14:38:10","guid":{"rendered":"https:\/\/www.europesays.com\/fr\/405027\/"},"modified":"2025-09-20T14:38:10","modified_gmt":"2025-09-20T14:38:10","slug":"piastri-commet-une-grosse-faute-jai-simplement-trop-attaque","status":"publish","type":"post","link":"https:\/\/www.europesays.com\/fr\/405027\/","title":{"rendered":"Piastri commet une grosse faute\u00a0: \u00ab\u00a0J&rsquo;ai simplement trop attaqu\u00e9\u00a0\u00bb"},"content":{"rendered":"<p>Une fois n&rsquo;est pas coutume, <a href=\"https:\/\/fr.motorsport.com\/driver\/oscar-piastri\/835356\/\" target=\"_blank\" rel=\"noopener\">Oscar Piastri<\/a> a faut\u00e9 et ce dans les grandes largeurs. L&rsquo;Australien qui, comme beaucoup de pilotes, n&rsquo;avait pas sign\u00e9 de temps en Q3 alors que la s\u00e9ance avait d\u00e9j\u00e0 \u00e9t\u00e9 interrompue par l&rsquo;accident de <a href=\"https:\/\/fr.motorsport.com\/driver\/charles-leclerc\/109632\/\" target=\"_blank\" rel=\"noopener\">Charles Leclerc<\/a>, n&rsquo;a effectivement pas fait dans la dentelle.<\/p>\n<p>En arrivant au virage 3 du trac\u00e9 de Bakou dans son tour lanc\u00e9, le leader du championnat a copieusement manqu\u00e9 son freinage avant d&rsquo;aller encaster sa <a href=\"https:\/\/fr.motorsport.com\/team\/mclaren\/609\/\" target=\"_blank\" rel=\"noopener\">McLaren<\/a> dans les Tecpro. Pas de chrono, donc, et une neuvi\u00e8me place finale sur la grille qui n&rsquo;est finalement contrebalanc\u00e9e que par le fait que son \u00e9quipier et poursuivant au <a href=\"https:\/\/fr.motorsport.com\/f1\/standings\/2025\/\" target=\"_self\" rel=\"noopener\">championnat pilotes<\/a>,\u00a0<a href=\"https:\/\/fr.motorsport.com\/driver\/lando-norris\/289708\/\" target=\"_blank\" rel=\"noopener\">Lando Norris<\/a>, n&rsquo;a pas fait beaucoup mieux, avec le septi\u00e8me temps, lors du seul tour qu&rsquo;il a pu faire sur une piste grasse.<\/p>\n<p>Interrog\u00e9 au sortir du cockpit par Sky Sports, Piastri a de son c\u00f4t\u00e9 tout simplement estim\u00e9 avoir commis une erreur : \u00ab\u00a0Je pense que j&rsquo;ai frein\u00e9 un peu trop tard. Je n&rsquo;ai pas encore regard\u00e9 les donn\u00e9es, mais normalement, quand on bloque les freins, c&rsquo;est qu&rsquo;on a frein\u00e9 un peu trop tard. Donc oui, c&rsquo;est \u00e9videmment d\u00e9cevant. Je trouvais que la voiture \u00e9tait bien r\u00e9gl\u00e9e, c&rsquo;est d\u00e9cevant que \u00e7a se termine comme \u00e7a.\u00a0\u00bb<\/p>\n<p>\u00a0<\/p>\n<p>Quand il lui a \u00e9t\u00e9 demand\u00e9 s&rsquo;il s&rsquo;attendait \u00e0 plus d&rsquo;adh\u00e9rence de la part du pneu tendre au moment de freiner et de tourner, le pilote McLaren de r\u00e9pondre\u00a0: \u00ab\u00a0Les deux premiers virages se sont tr\u00e8s bien pass\u00e9s, puis je ne sais pas si j&rsquo;ai trop forc\u00e9 ou si c&rsquo;est \u00e0 cause de la pluie, mais certains virages, m\u00eame dans le tour de sortie, semblaient un peu d\u00e9licats. Je ne sais pas si c&rsquo;\u00e9tait le cas de celui-l\u00e0, il faudra que je regarde. Cela dit, je pense que j&rsquo;ai simplement trop attaqu\u00e9.\u00a0\u00bb<\/p>\n<p>La neuvi\u00e8me place sur la grille sera une premi\u00e8re pour Piastri cette saison puisque sa pire position de d\u00e9part jusqu&rsquo;ici le dimanche a \u00e9t\u00e9 la quatri\u00e8me place de Miami. En dehors de la course floridienne, il s&rsquo;est toujours \u00e9lanc\u00e9 du depuis le top 3.<\/p>\n<p>Un an apr\u00e8s son succ\u00e8s azerba\u00efdjanais, il n&rsquo;envisage pas vraiment de pouvoir se hisser sur la premi\u00e8re marche du podium mais sait avoir une MCL39 avec un fort potentiel : \u00ab\u00a0Je pense que la victoire est ambitieuse, mais attendons de voir comment se d\u00e9roulent les qualifications\u00a0\u00bb, a-t-il d\u00e9clar\u00e9 avant que la s\u00e9ance ne soit totalement achev\u00e9e. \u00ab\u00a0Je pense que nous pouvons certainement progresser [dans la hi\u00e9rarchie], la voiture est rapide ce week-end, donc j&rsquo;esp\u00e8re que nous pourrons en profiter pour gagner des places.\u00a0\u00bb<\/p>\n<p style=\"text-align: right;\">Avec Haydn Cobb<\/p>\n<p>Lire aussi :<\/p>\n","protected":false},"excerpt":{"rendered":"Une fois n&rsquo;est pas coutume, Oscar Piastri a faut\u00e9 et ce dans les grandes largeurs. L&rsquo;Australien qui, comme&hellip;\n","protected":false},"author":2,"featured_media":405028,"comment_status":"","ping_status":"","sticky":false,"template":"","format":"standard","meta":{"footnotes":""},"categories":[1412],"tags":[52446,1451,1452,1453,1454,1455,1011,27,52445,4475,2241,53648,60],"class_list":{"0":"post-405027","1":"post","2":"type-post","3":"status-publish","4":"format-standard","5":"has-post-thumbnail","7":"category-f1","8":"tag-baku-city-circuit","9":"tag-f1","10":"tag-formula-1","11":"tag-formula1","12":"tag-formule-1","13":"tag-formule1","14":"tag-fr","15":"tag-france","16":"tag-gp-dazerbau00efdjan","17":"tag-mclaren","18":"tag-oscar-piastri","19":"tag-piastri-commet-une-grosse-fauteu00a0-jai-simplement-trop-attaquu00e9","20":"tag-sports"},"share_on_mastodon":{"url":"https:\/\/pubeurope.com\/@fr\/115237139654792406","error":""},"_links":{"self":[{"href":"https:\/\/www.europesays.com\/fr\/wp-json\/wp\/v2\/posts\/405027","targetHints":{"allow":["GET"]}}],"collection":[{"href":"https:\/\/www.europesays.com\/fr\/wp-json\/wp\/v2\/posts"}],"about":[{"href":"https:\/\/www.europesays.com\/fr\/wp-json\/wp\/v2\/types\/post"}],"author":[{"embeddable":true,"href":"https:\/\/www.europesays.com\/fr\/wp-json\/wp\/v2\/users\/2"}],"replies":[{"embeddable":true,"href":"https:\/\/www.europesays.com\/fr\/wp-json\/wp\/v2\/comments?post=405027"}],"version-history":[{"count":0,"href":"https:\/\/www.europesays.com\/fr\/wp-json\/wp\/v2\/posts\/405027\/revisions"}],"wp:featuredmedia":[{"embeddable":true,"href":"https:\/\/www.europesays.com\/fr\/wp-json\/wp\/v2\/media\/405028"}],"wp:attachment":[{"href":"https:\/\/www.europesays.com\/fr\/wp-json\/wp\/v2\/media?parent=405027"}],"wp:term":[{"taxonomy":"category","embeddable":true,"href":"https:\/\/www.europesays.com\/fr\/wp-json\/wp\/v2\/categories?post=405027"},{"taxonomy":"post_tag","embeddable":true,"href":"https:\/\/www.europesays.com\/fr\/wp-json\/wp\/v2\/tags?post=405027"}],"curies":[{"name":"wp","href":"https:\/\/api.w.org\/{rel}","templated":true}]}}