{"id":405034,"date":"2025-09-20T14:42:10","date_gmt":"2025-09-20T14:42:10","guid":{"rendered":"https:\/\/www.europesays.com\/fr\/405034\/"},"modified":"2025-09-20T14:42:10","modified_gmt":"2025-09-20T14:42:10","slug":"madame-x-la-scandaleuse-joconde-americaine-de-retour-a-paris-qui-etait-singer-sargent-ce-peintre-de-genie-le-parisien","status":"publish","type":"post","link":"https:\/\/www.europesays.com\/fr\/405034\/","title":{"rendered":"\u00ab Madame X \u00bb, la scandaleuse \u00ab Joconde am\u00e9ricaine \u00bb de retour \u00e0 Paris : qui \u00e9tait Singer Sargent, ce peintre de g\u00e9nie &#8211; Le Parisien"},"content":{"rendered":"<ol>\n<li><a href=\"https:\/\/news.google.com\/rss\/articles\/CBMiqAJBVV95cUxQc3Btdm5FQXROSzdwWEdsUlZVajcyV1ZGUmlZSnBDbVdoRE0tSWVRNFljWnowNndGRmVjZTZzeW8yUk1FLVFaWjRHOHRCN2JZd002d2Y5SnhmN1BselNCNlhkZHBtbjJOWWkyUTRJaVoxVktXb0NTdF9JRldRNk1GOUYyWnd1SllLSDF0bTJaWkJncEgweUhGYjdOX0YwTVFGckZSd0RFbXQwLV9VUF84WVE4UWlBSUx1b1d3b0tzZTA2d3pmQjhORXl5SWpIUXhPREdPeFltQVN4WFhvczRxYXlnNUZMMHBGbnRsemdVU1owVEFzUUoyMkZYZU00LU1PRzVYYWJwWXRCb2M4NWRhZnYzaE9aNWdCMFZ3enp5a1hqeVhRcFBJUQ?oc=5\" target=\"_blank\" rel=\"noopener\">\u00ab Madame X \u00bb, la scandaleuse \u00ab Joconde am\u00e9ricaine \u00bb de retour \u00e0 Paris : qui \u00e9tait Singer Sargent, ce peintre de g\u00e9nie<\/a>&nbsp;&nbsp;Le Parisien<\/li>\n<li><a href=\"https:\/\/news.google.com\/rss\/articles\/CBMitgFBVV95cUxQOFYteEt4VGtWOFRDZ3FWUmVpSnhlVHM5VlNFelM2STBYVnl0dWF3aks0SW1MeG5KQk8tNWttSUJPaE96U3N5RDZrS0JKekJmQTRDcnNlZFg0VXhqaDhQQkZqN1oyRFJMREFnUFVCS2VZZTV5OFA2TUNVNGZ1b1lXaUdXT2ZCblU3aGwySUY0VkY2bGVkTHdBbE1NMlhacktWRTgzakxYenNjaTBWY1g1Q2dnejNYZw?oc=5\" target=\"_blank\" rel=\"noopener\">Le peintre am\u00e9ricain Sargent enfin c\u00e9l\u00e9br\u00e9 au mus\u00e9e d&rsquo;Orsay<\/a>&nbsp;&nbsp;Le Point<\/li>\n<li><a href=\"https:\/\/news.google.com\/rss\/articles\/CBMiiAFBVV95cUxNN1dXSkFCeXFvdkFsREFxaXozaHMydS1mdVZRUW90c0d0V3JqX1Q5V0RseEk2RHQ5UnRNOXpodGoxZmVwbGlmUHNiVTFpODhwY2N3c241S2dXN1k2TEFJX0k5c2V0dTY2Xy1Mb3ZCSVJvLUpPcFVZS2JhQzhUajhhNVo1YTNVTVV1?oc=5\" target=\"_blank\" rel=\"noopener\">Concerts autour de l\u2019exposition Sargent \u00e0 Orsay<\/a>&nbsp;&nbsp;journal-laterrasse.fr<\/li>\n<li><a href=\"https:\/\/news.google.com\/rss\/articles\/CBMitgFBVV95cUxPWjhVMVhBYWpkSVNUZDY2akJuRGxDSElQSmlfS21GVnBmakIwTE4tWHM5My00ZGNXMERLY2ZIS3NJNkxpcFRvYzdfeHVuRDVjeWZsVzhFR1pSaDM4Q2xremVOaWtFanFjY0tYakZZLVpBb1FEOTJwY2U0LU5OY3RsRWNkU1VCZTJfd2NWczZNbmEyQWpZeFBDcndHRk9QWThDNHdJZ3ZCeWNhMXc1NnJ2WUhLUGxlUQ?oc=5\" target=\"_blank\" rel=\"noopener\">John Singer Sargent. Mus\u00e9e d\u2019Orsay<\/a>&nbsp;&nbsp;Connaissance des Arts<\/li>\n<li><a href=\"https:\/\/news.google.com\/rss\/articles\/CBMimwFBVV95cUxQV1BpWXFwY0EycFZWM0xxd3lja1lfcUQtS05BQ2gtRzQzWDRjWTA4cU00NlFYbV96WDV6ZVpILXBYTlpicXBadVJtazJYMUh3OHVWdjk3QmlmSksxVi1pbFZZZE1RdlNFcXBISzUzMFl4LThDaDNtYl9Pb0lxTHd3aFp4VWdsQThzRHdNVGN5RER3cVg2NHp1ZkZGNA?oc=5\" target=\"_blank\" rel=\"noopener\">John Singer Sargent \u00c9blouir Paris<\/a>&nbsp;&nbsp;Mus\u00e9e d&rsquo;Orsay<\/li>\n<\/ol>\n","protected":false},"excerpt":{"rendered":"\u00ab Madame X \u00bb, la scandaleuse \u00ab Joconde am\u00e9ricaine \u00bb de retour \u00e0 Paris : qui \u00e9tait Singer&hellip;\n","protected":false},"author":2,"featured_media":405035,"comment_status":"","ping_status":"","sticky":false,"template":"","format":"standard","meta":{"footnotes":""},"categories":[1358],"tags":[1348,1384,1385,1687,1386,58,59,1349,1011,27,12156],"class_list":{"0":"post-405034","1":"post","2":"type-post","3":"status-publish","4":"format-standard","5":"has-post-thumbnail","7":"category-arts-et-design","8":"tag-arts","9":"tag-arts-and-design","10":"tag-arts-et-design","11":"tag-culture-loisirs","12":"tag-design","13":"tag-divertissement","14":"tag-entertainment","15":"tag-expositions","16":"tag-fr","17":"tag-france","18":"tag-le-parisien-week-end"},"share_on_mastodon":{"url":"https:\/\/pubeurope.com\/@fr\/115237155218011498","error":""},"_links":{"self":[{"href":"https:\/\/www.europesays.com\/fr\/wp-json\/wp\/v2\/posts\/405034","targetHints":{"allow":["GET"]}}],"collection":[{"href":"https:\/\/www.europesays.com\/fr\/wp-json\/wp\/v2\/posts"}],"about":[{"href":"https:\/\/www.europesays.com\/fr\/wp-json\/wp\/v2\/types\/post"}],"author":[{"embeddable":true,"href":"https:\/\/www.europesays.com\/fr\/wp-json\/wp\/v2\/users\/2"}],"replies":[{"embeddable":true,"href":"https:\/\/www.europesays.com\/fr\/wp-json\/wp\/v2\/comments?post=405034"}],"version-history":[{"count":0,"href":"https:\/\/www.europesays.com\/fr\/wp-json\/wp\/v2\/posts\/405034\/revisions"}],"wp:featuredmedia":[{"embeddable":true,"href":"https:\/\/www.europesays.com\/fr\/wp-json\/wp\/v2\/media\/405035"}],"wp:attachment":[{"href":"https:\/\/www.europesays.com\/fr\/wp-json\/wp\/v2\/media?parent=405034"}],"wp:term":[{"taxonomy":"category","embeddable":true,"href":"https:\/\/www.europesays.com\/fr\/wp-json\/wp\/v2\/categories?post=405034"},{"taxonomy":"post_tag","embeddable":true,"href":"https:\/\/www.europesays.com\/fr\/wp-json\/wp\/v2\/tags?post=405034"}],"curies":[{"name":"wp","href":"https:\/\/api.w.org\/{rel}","templated":true}]}}