{"id":405036,"date":"2025-09-20T14:43:15","date_gmt":"2025-09-20T14:43:15","guid":{"rendered":"https:\/\/www.europesays.com\/fr\/405036\/"},"modified":"2025-09-20T14:43:15","modified_gmt":"2025-09-20T14:43:15","slug":"chalon-sur-saone-le-salon-du-livre-bat-son-plein-encore-ce-dimanche","status":"publish","type":"post","link":"https:\/\/www.europesays.com\/fr\/405036\/","title":{"rendered":"Chalon-sur-Sa\u00f4ne. Le salon du livre bat son plein encore ce dimanche"},"content":{"rendered":"<p>Depuis le milieu de la matin\u00e9e de samedi, le public se presse \u00e0 la 5e \u00e9dition du salon litt\u00e9raire Le Clo\u00eetre aux livres, qui regroupe une trentaine d\u2019auteurs et d\u2019autrices de Bourgogne Franche-Comt\u00e9.<\/p>\n<p>Port\u00e9 par la municipalit\u00e9 chalonnaise et la biblioth\u00e8que municipale, le salon offre \u00e0 d\u00e9couvrir une pl\u00e9iade d\u2019ouvrages attractifs, tant d\u2019histoire que de po\u00e9sie ou encore de romans, de livres \u00e9sot\u00e9riques, de documents et autres bandes dessin\u00e9es. Apr\u00e8s la remise du Prix de la nouvelle Lucette Desvignes, remport\u00e9 une fois n\u2019est pas coutume par un auteur local, le moment \u00e9tait bon pour d\u00e9ambuler entre les stands r\u00e9partis dans les trav\u00e9es du clo\u00eetre capitulaire chalonnais, v\u00e9ritable havre de paix et de r\u00e9silience, d\u00e9di\u00e9 \u00e0 la litt\u00e9rature pour ce week-end du patrimoine.<\/p>\n<p class=\"note\">Salon litt\u00e9raire Le Clo\u00eetre aux livres, 8A place du Clo\u00eetre \u00e0 Chalon-sur-Sa\u00f4ne, dimanche 21\u00a0septembre de 10 \u00e0 18\u00a0h. Entr\u00e9e libre.<\/p>\n","protected":false},"excerpt":{"rendered":"Depuis le milieu de la matin\u00e9e de samedi, le public se presse \u00e0 la 5e \u00e9dition du salon&hellip;\n","protected":false},"author":2,"featured_media":405037,"comment_status":"","ping_status":"","sticky":false,"template":"","format":"standard","meta":{"footnotes":""},"categories":[1357],"tags":[1379,11605,11606,1687,58,11032,59,107,1011,27,1380,2410,104],"class_list":{"0":"post-405036","1":"post","2":"type-post","3":"status-publish","4":"format-standard","5":"has-post-thumbnail","7":"category-livres","8":"tag-books","9":"tag-chalon-sur-saone","10":"tag-chalon-ville","11":"tag-culture-loisirs","12":"tag-divertissement","13":"tag-edition-chalon-sur-saone","14":"tag-entertainment","15":"tag-fil-info","16":"tag-fr","17":"tag-france","18":"tag-livres","19":"tag-livres-bd","20":"tag-societe"},"share_on_mastodon":{"url":"https:\/\/pubeurope.com\/@fr\/115237159247004376","error":""},"_links":{"self":[{"href":"https:\/\/www.europesays.com\/fr\/wp-json\/wp\/v2\/posts\/405036","targetHints":{"allow":["GET"]}}],"collection":[{"href":"https:\/\/www.europesays.com\/fr\/wp-json\/wp\/v2\/posts"}],"about":[{"href":"https:\/\/www.europesays.com\/fr\/wp-json\/wp\/v2\/types\/post"}],"author":[{"embeddable":true,"href":"https:\/\/www.europesays.com\/fr\/wp-json\/wp\/v2\/users\/2"}],"replies":[{"embeddable":true,"href":"https:\/\/www.europesays.com\/fr\/wp-json\/wp\/v2\/comments?post=405036"}],"version-history":[{"count":0,"href":"https:\/\/www.europesays.com\/fr\/wp-json\/wp\/v2\/posts\/405036\/revisions"}],"wp:featuredmedia":[{"embeddable":true,"href":"https:\/\/www.europesays.com\/fr\/wp-json\/wp\/v2\/media\/405037"}],"wp:attachment":[{"href":"https:\/\/www.europesays.com\/fr\/wp-json\/wp\/v2\/media?parent=405036"}],"wp:term":[{"taxonomy":"category","embeddable":true,"href":"https:\/\/www.europesays.com\/fr\/wp-json\/wp\/v2\/categories?post=405036"},{"taxonomy":"post_tag","embeddable":true,"href":"https:\/\/www.europesays.com\/fr\/wp-json\/wp\/v2\/tags?post=405036"}],"curies":[{"name":"wp","href":"https:\/\/api.w.org\/{rel}","templated":true}]}}