{"id":405038,"date":"2025-09-20T14:44:11","date_gmt":"2025-09-20T14:44:11","guid":{"rendered":"https:\/\/www.europesays.com\/fr\/405038\/"},"modified":"2025-09-20T14:44:11","modified_gmt":"2025-09-20T14:44:11","slug":"quels-sont-les-invites-de-lea-salame-ce-samedi-20-septembre-2025","status":"publish","type":"post","link":"https:\/\/www.europesays.com\/fr\/405038\/","title":{"rendered":"quels sont les invit\u00e9s de L\u00e9a Salam\u00e9, ce samedi 20 septembre 2025 ?"},"content":{"rendered":"<p>    L\u00e9a Salam\u00e9 lance ce soir la quatri\u00e8me saison de son talk show.<br \/>\n                Stephane Grangier \/ Stephane Grangier<\/p>\n<p>Le talk-show de l\u2019animatrice, devenue pr\u00e9sentatrice du JT, fait son grand retour \u00e0 l\u2019antenne de France 2 pour une quatri\u00e8me saison, et convie de nombreuses personnalit\u00e9s.<\/p>\n<p class=\"fig-paragraph\">Seconde rentr\u00e9e en vue pour L\u00e9a Salam\u00e9. Celle qui a repris les r\u00eanes du JT de 20 heures de France 2 lance ce soir la quatri\u00e8me saison de son talk-show Quelle \u00c9poque\u00a0! Ce samedi 20 septembre, l\u2019animatrice sera \u00e9paul\u00e9e de ses fid\u00e8les bretteurs, les humoristes\u00a0<a href=\"https:\/\/www.lefigaro.fr\/tag\/paul-de-saint-sernin\" target=\"_blank\" rel=\"noopener\" data-gtm-custom-categorie=\"navigation\" data-gtm-custom-action=\"crossclick\" data-gtm-custom-label=\"Contextuel\" data-gtm-event=\"customEventSPE\">Paul de Saint-Sernin<\/a>\u00a0et\u00a0<a href=\"https:\/\/www.lefigaro.fr\/tag\/philippe-caveriviere\" target=\"_blank\" rel=\"noopener\" data-gtm-custom-categorie=\"navigation\" data-gtm-custom-action=\"crossclick\" data-gtm-custom-label=\"Contextuel\" data-gtm-event=\"customEventSPE\">Philippe Caverivi\u00e8re<\/a>, la chroniqueuse Charlotte Dhenaux et la nouvelle recrue de l\u2019\u00e9mission, le journaliste et militant \u00e9cologiste\u00a0<a href=\"http:\/\/tvmag.lefigaro.fr\/programme-tv\/actu-tele\/quelle-epoque-hugo-clement-rejoint-la-bande-des-chroniqueurs-de-lea-salame-20250913\" data-fig-type=\"Article\" data-gtm-custom-categorie=\"navigation\" data-gtm-custom-action=\"crossclick\" data-gtm-custom-label=\"Contextuel\" data-gtm-event=\"customEventSPE\" data-fig-domain=\"TVMAG\" target=\"_blank\" rel=\"noopener\">Hugo Cl\u00e9ment<\/a>. Que les spectateurs d\u00e9couvriront dans un \u00abexercice in\u00e9dit\u00bb, assure la cha\u00eene.<\/p>\n<p class=\"fig-paragraph\">Pour ce retour \u00e0 l\u2019antenne, ont \u00e9t\u00e9 convi\u00e9s des invit\u00e9s de marque. Le com\u00e9dien Dany Boon \u00e9voquera Regarde. Le drame familial, o\u00f9 il partage l\u2019affiche avec la star de la s\u00e9rie HPI Audrey Fleurot vient de sortir en salle ce mercredi et \u00e9voque un couple divorc\u00e9 face \u00e0 la maladie de leur fils adolescent, condamn\u00e9 \u00e0 perdre la vue. Dany Boon l\u00e8vera aussi le voile sur son nouveau spectacle Clown n\u2019est pas un m\u00e9tier.<\/p>\n<p>                                    <a class=\"fig-a11y-skip a11y-hidden\" href=\"#fig-a11y-skip-main-inarticle\"><br \/>\n        Passer la publicit\u00e9<br \/>\n    <\/a><\/p>\n<p>La r\u00e9v\u00e9lation Th\u00e9odore Pellerin<\/p>\n<p class=\"fig-paragraph\">L\u2019irruption de la maladie en pleine jeunesse est aussi le th\u00e8me du d\u00e9licat et\u00a0<a href=\"http:\/\/www.lefigaro.fr\/cinema\/notre-critique-de-nino-voyage-au-debut-de-l-enfer-20250916\" data-fig-type=\"Article\" data-gtm-custom-categorie=\"navigation\" data-gtm-custom-action=\"crossclick\" data-gtm-custom-label=\"Contextuel\" data-gtm-event=\"customEventSPE\" data-fig-domain=\"LEFIGARO\" target=\"_blank\" rel=\"noopener\">bouleversant Nino<\/a> \u00a0de\u00a0<a href=\"http:\/\/www.lefigaro.fr\/cinema\/pauline-loques-le-cinema-dans-la-peau-20250831\" data-fig-type=\"Article\" data-gtm-custom-categorie=\"navigation\" data-gtm-custom-action=\"crossclick\" data-gtm-custom-label=\"Contextuel\" data-gtm-event=\"customEventSPE\" data-fig-domain=\"LEFIGARO\" target=\"_blank\" rel=\"noopener\">Pauline Loqu\u00e8s, sorti aussi en salle mercredi<\/a>. Portrait, prim\u00e9 au Festival de Cannes, d\u2019un jeune homme un peu perdu et absent \u00e0 lui-m\u00eame \u00e0 qui l\u2019on diagnostique un cancer de la gorge. Heureusement soignable, mais Nino va devoir revenir \u00e0 la vie et aux autres dans le week-end, qui pr\u00e9c\u00e8de sa premi\u00e8re s\u00e9ance de traitement. La r\u00e9alisatrice, dont c\u2019est le premier film, sera accompagn\u00e9e pour en parler de son formidable com\u00e9dien\u00a0: le prodigieux acteur qu\u00e9b\u00e9cois<a href=\"http:\/\/tvmag.lefigaro.fr\/programme-tv\/series\/de-franklin-a-becoming-karl-lagerfeld-l-irresistible-ascension-de-theodore-pellerin-20240614\" data-fig-type=\"Article\" data-gtm-custom-categorie=\"navigation\" data-gtm-custom-action=\"crossclick\" data-gtm-custom-label=\"Contextuel\" data-gtm-event=\"customEventSPE\" data-fig-domain=\"TVMAG\" target=\"_blank\" rel=\"noopener\">\u00a0Th\u00e9odore Pellerin<\/a>, bien parti pour faire parler de lui aux R\u00e9v\u00e9lation des C\u00e9sar 2026.<\/p>\n<p class=\"fig-paragraph\">L\u00e9a Salam\u00e9 re\u00e7oit \u00e9galement la journaliste\u00a0<a href=\"http:\/\/tvmag.lefigaro.fr\/programme-tv\/people\/une-sedation-profonde-audrey-crespo-mara-raconte-les-derniers-instants-de-thierry-ardisson-dans-quotidien-20250902\" data-fig-type=\"Article\" data-gtm-custom-categorie=\"navigation\" data-gtm-custom-action=\"crossclick\" data-gtm-custom-label=\"Contextuel\" data-gtm-event=\"customEventSPE\" data-fig-domain=\"TVMAG\" target=\"_blank\" rel=\"noopener\">Audrey Crespo-Mara<\/a>. La veuve de l\u2019animateur\u00a0<a href=\"http:\/\/tvmag.lefigaro.fr\/programme-tv\/actu-tele\/l-homme-que-j-aime-eperdument-audrey-crespo-mara-rend-un-nouvel-hommage-a-thierry-ardisson-20250818\" data-fig-type=\"Article\" data-gtm-custom-categorie=\"navigation\" data-gtm-custom-action=\"crossclick\" data-gtm-custom-label=\"Contextuel\" data-gtm-event=\"customEventSPE\" data-fig-domain=\"TVMAG\" target=\"_blank\" rel=\"noopener\">Thierry Ardisson<\/a>\u00a0\u00e9voquera son documentaire hommage La face cach\u00e9e de l\u2019homme en noir.<\/p>\n<p class=\"fig-paragraph\">La chanteuse<a href=\"http:\/\/www.lefigaro.fr\/culture\/cigarettes-alcool-zaz-revient-avec-un-nouvel-album-liberee-de-ses-exces-20250722\" data-fig-type=\"NewsFlash\" data-gtm-custom-categorie=\"navigation\" data-gtm-custom-action=\"crossclick\" data-gtm-custom-label=\"Contextuel\" data-gtm-event=\"customEventSPE\" data-fig-domain=\"LEFIGARO\" target=\"_blank\" rel=\"noopener\">\u00a0Zaz<\/a>\u00a0d\u00e9fendra son nouvel album qui vient de sortir, Sains et saufs. La chanteuse de 45 ans qui parle de ses anciennes addictions \u00e0 l\u2019alcool et la drogue, a \u00e9crit ce disque en collaboration avec le musicien Rapha\u00ebl.<\/p>\n<p class=\"fig-paragraph\">L\u00e9a Salam\u00e9 a aussi convi\u00e9 The French Touch, l\u2019\u00e9quipe de France des cr\u00e9ateurs de contenus, championne du monde de la premi\u00e8re \u00e9dition, ainsi qu\u2019Anastasia Fomitchova, politologue et volontaire sur le terrain de la guerre en Ukraine.<\/p>\n","protected":false},"excerpt":{"rendered":"L\u00e9a Salam\u00e9 lance ce soir la quatri\u00e8me saison de son talk show. Stephane Grangier \/ Stephane Grangier Le&hellip;\n","protected":false},"author":2,"featured_media":405039,"comment_status":"","ping_status":"","sticky":false,"template":"","format":"standard","meta":{"footnotes":""},"categories":[1356],"tags":[17979,17146,58,59,1011,27,3806,252,53649,10058,1364],"class_list":{"0":"post-405038","1":"post","2":"type-post","3":"status-publish","4":"format-standard","5":"has-post-thumbnail","7":"category-television","8":"tag-audrey-crespo-mara","9":"tag-dany-boon","10":"tag-divertissement","11":"tag-entertainment","12":"tag-fr","13":"tag-france","14":"tag-lea-salame","15":"tag-television","16":"tag-theodore-pellerin","17":"tag-thierry-ardisson","18":"tag-tv"},"share_on_mastodon":{"url":"https:\/\/pubeurope.com\/@fr\/115237163082539006","error":""},"_links":{"self":[{"href":"https:\/\/www.europesays.com\/fr\/wp-json\/wp\/v2\/posts\/405038","targetHints":{"allow":["GET"]}}],"collection":[{"href":"https:\/\/www.europesays.com\/fr\/wp-json\/wp\/v2\/posts"}],"about":[{"href":"https:\/\/www.europesays.com\/fr\/wp-json\/wp\/v2\/types\/post"}],"author":[{"embeddable":true,"href":"https:\/\/www.europesays.com\/fr\/wp-json\/wp\/v2\/users\/2"}],"replies":[{"embeddable":true,"href":"https:\/\/www.europesays.com\/fr\/wp-json\/wp\/v2\/comments?post=405038"}],"version-history":[{"count":0,"href":"https:\/\/www.europesays.com\/fr\/wp-json\/wp\/v2\/posts\/405038\/revisions"}],"wp:featuredmedia":[{"embeddable":true,"href":"https:\/\/www.europesays.com\/fr\/wp-json\/wp\/v2\/media\/405039"}],"wp:attachment":[{"href":"https:\/\/www.europesays.com\/fr\/wp-json\/wp\/v2\/media?parent=405038"}],"wp:term":[{"taxonomy":"category","embeddable":true,"href":"https:\/\/www.europesays.com\/fr\/wp-json\/wp\/v2\/categories?post=405038"},{"taxonomy":"post_tag","embeddable":true,"href":"https:\/\/www.europesays.com\/fr\/wp-json\/wp\/v2\/tags?post=405038"}],"curies":[{"name":"wp","href":"https:\/\/api.w.org\/{rel}","templated":true}]}}