{"id":405056,"date":"2025-09-20T14:53:11","date_gmt":"2025-09-20T14:53:11","guid":{"rendered":"https:\/\/www.europesays.com\/fr\/405056\/"},"modified":"2025-09-20T14:53:11","modified_gmt":"2025-09-20T14:53:11","slug":"m-lecornu-confirme-la-fin-du-snu-et-linstauration-prochaine-dun-service-militaire-volontaire-zone-militaire","status":"publish","type":"post","link":"https:\/\/www.europesays.com\/fr\/405056\/","title":{"rendered":"M. Lecornu confirme la fin du SNU et l&#039;instauration prochaine d&#039;un Service militaire volontaire &#8211; Zone Militaire"},"content":{"rendered":"<ol>\n<li><a href=\"https:\/\/news.google.com\/rss\/articles\/CBMixwFBVV95cUxOd01WdXY4anAzS0hhWFV3WlJKUDltRkpnN2tBYklJcUxxTHRCVnhNSEJONEU1U0MzWHJlLWc2anR0OGl5T2xqRnNRT1F5MTZ6ZFpNRHJRcUg2RkRQQTh0UUpDM3NrZmkzYmJSTjVpZk9Ub18wX09SVnpIRDFFSGx1OGNQMjFDSVA0VktQeXdmY01QaHlJWFNrRndmSWZSY25kM3ZYeTNqSVNGclVOTnJZN2RSc3RMemYwY3JwbEVhVnBwaVE5WUNJ?oc=5\" target=\"_blank\" rel=\"nofollow noopener\">M. Lecornu confirme la fin du SNU et l&rsquo;instauration prochaine d&rsquo;un Service militaire volontaire<\/a>&nbsp;&nbsp;Zone Militaire<\/li>\n<li><a href=\"https:\/\/news.google.com\/rss\/articles\/CBMi7wFBVV95cUxPQ1JodFJneHY1Nl9NUVp5X0VnQ01tdmttMEJQUDEtSkJtei1wUkpKTURNOF9XNlhWZU52QWdEZlBIUjhHVk9udmRjaTlsakNpajV2bmZhX0gzNmpQU1hPdzJhalZlR1lMNEdzWGxuRkZyM3cxQThraVJjaVUySlRJMHZLTTFMQ1JLa3pZa2tGS0x1dnJyRzFQX3NzSS0xaVpTSWdVdEtvVHktOUk5SjREQ3hhSFFSMXhrRXkyRWMydVBnV09FZmFqZHcxcUZCdWwwUzRpQmYwUU5qaWNEVllhVEhET1hEMWQ0Qkt2dFpnSQ?oc=5\" target=\"_blank\" rel=\"nofollow noopener\">S\u00e9bastien Lecornu va supprimer plusieurs d\u00e9l\u00e9gations interminist\u00e9rielles, dont celle du SNU<\/a>&nbsp;&nbsp;Le Monde.fr<\/li>\n<li><a href=\"https:\/\/news.google.com\/rss\/articles\/CBMi0AFBVV95cUxPb2tDczZKMnM3WnAwSzNFbFAyUk9JdUxudk1mczdjNEFLWVBHZ0E1NmhPdmRfa0tpRXlYMndfcmNQdHlzaFpNeW4yZGtkcTVpZzhWaUdZeXhUYzlrdHROeVF6anA2eDk5MDI0Ml9TbDVtM0Rac3lSWWVWdXJZNHRxaGNnMmpYZ2VnVnB5RHl1SGpvWExKcEtXVk5iU2xtcE9NYjJxNDkwU3ExcWN2X2NEY0dIazFWVGhISkdaTEJZTmQycERPNHU4Q2k1LUxvZlFY?oc=5\" target=\"_blank\" rel=\"nofollow noopener\">L\u2019enterrement du SNU si cher \u00e0 Gabriel Attal ent\u00e9rin\u00e9 par S\u00e9bastien Lecornu<\/a>&nbsp;&nbsp;Le HuffPost<\/li>\n<li><a href=\"https:\/\/news.google.com\/rss\/articles\/CBMi8AFBVV95cUxPMUxoN3FibEpxR2E3VE9XZHRkOUp3eG5DRFBMYlpvLVhWY2FnZjUzdUtUZk9uUzBLWUZKdmNNd0RCWFJnMkplNHpzbWFDT3hiTG55aWRpbFpsajZFYXd3YnFWSE8yVUZXajNVRG8yQVJQMHRhT2V1Q2paM09MSmdUZ2FlbVUzSUtMQjdLNUM5bkJ5ajdwbmRPNGVMZ056djBLNWh5bTVERmY1dUF2bG5kYzlnMXVpMWxPZnkyNVN4a1hkdXpsSjF1dHVsZktjeEY1c1UxM1ozc2FSWUdNYUVQbko5VndtcEE1eVVONklBb3Q?oc=5\" target=\"_blank\" rel=\"nofollow noopener\">Le Premier ministre S\u00e9bastien Lecornu enterre le Service national universel<\/a>&nbsp;&nbsp;France Info<\/li>\n<li><a href=\"https:\/\/news.google.com\/rss\/articles\/CBMiggJBVV95cUxNdmN6X25KVU51RVUxQ2hrWmhpczBROUhaSzVjUzZ1Q21TOXd0SVFWYTZIQ0FaYVpLYm44RlBERFNxVEZmMUhSNVlYUHRVNVg5MUdNWXVvNWlnNkkxQVNRa2FRTUZ6LS1rSm1SLUctNFR5SGRvRndpNVJSV0ZTLUNTNHVvNHptQ1RiMnlIZW1NVHZOQWVvXzdqZW5USkJVa3VNczNjWnB1U0VkR0xvSXIyZ1ZKNnM0QTlKV3pBS2lhRTdHN2VmbnFwdkFiVGZzQXpnejFtRTJHbWRneG9QVXYtWUJlZkNUbmdQVHFBeWowWGtGZkRuQ1pISXVkQzRBeFNpNHc?oc=5\" target=\"_blank\" rel=\"nofollow noopener\">Mission \u00ab\u00a0Etat efficace\u00a0\u00bb : agences, d\u00e9l\u00e9gations, comit\u00e9s&#8230; o\u00f9 S\u00e9bastien Lecornu compte-t-il taper pour r\u00e9duire les d\u00e9penses de l\u2019\u00c9tat<\/a>&nbsp;&nbsp;ladepeche.fr<\/li>\n<\/ol>\n","protected":false},"excerpt":{"rendered":"M. Lecornu confirme la fin du SNU et l&rsquo;instauration prochaine d&rsquo;un Service militaire volontaire&nbsp;&nbsp;Zone Militaire S\u00e9bastien Lecornu va&hellip;\n","protected":false},"author":2,"featured_media":405057,"comment_status":"","ping_status":"","sticky":false,"template":"","format":"standard","meta":{"footnotes":""},"categories":[4],"tags":[11,25666,53652,554,1011,27,53653,12,52628,25,11067,53654,53655,53656],"class_list":{"0":"post-405056","1":"post","2":"type-post","3":"status-publish","4":"format-standard","5":"has-post-thumbnail","7":"category-france","8":"tag-actualites","9":"tag-armees","10":"tag-conscription","11":"tag-defense","12":"tag-fr","13":"tag-france","14":"tag-lien-armee-nation","15":"tag-news","16":"tag-politique-de-defense","17":"tag-republique-francaise","18":"tag-sebastien-lecornu","19":"tag-service-militaire-volontaire","20":"tag-snu","21":"tag-volontariat"},"share_on_mastodon":{"url":"https:\/\/pubeurope.com\/@fr\/115237198494480420","error":""},"_links":{"self":[{"href":"https:\/\/www.europesays.com\/fr\/wp-json\/wp\/v2\/posts\/405056","targetHints":{"allow":["GET"]}}],"collection":[{"href":"https:\/\/www.europesays.com\/fr\/wp-json\/wp\/v2\/posts"}],"about":[{"href":"https:\/\/www.europesays.com\/fr\/wp-json\/wp\/v2\/types\/post"}],"author":[{"embeddable":true,"href":"https:\/\/www.europesays.com\/fr\/wp-json\/wp\/v2\/users\/2"}],"replies":[{"embeddable":true,"href":"https:\/\/www.europesays.com\/fr\/wp-json\/wp\/v2\/comments?post=405056"}],"version-history":[{"count":0,"href":"https:\/\/www.europesays.com\/fr\/wp-json\/wp\/v2\/posts\/405056\/revisions"}],"wp:featuredmedia":[{"embeddable":true,"href":"https:\/\/www.europesays.com\/fr\/wp-json\/wp\/v2\/media\/405057"}],"wp:attachment":[{"href":"https:\/\/www.europesays.com\/fr\/wp-json\/wp\/v2\/media?parent=405056"}],"wp:term":[{"taxonomy":"category","embeddable":true,"href":"https:\/\/www.europesays.com\/fr\/wp-json\/wp\/v2\/categories?post=405056"},{"taxonomy":"post_tag","embeddable":true,"href":"https:\/\/www.europesays.com\/fr\/wp-json\/wp\/v2\/tags?post=405056"}],"curies":[{"name":"wp","href":"https:\/\/api.w.org\/{rel}","templated":true}]}}