{"id":405060,"date":"2025-09-20T14:55:55","date_gmt":"2025-09-20T14:55:55","guid":{"rendered":"https:\/\/www.europesays.com\/fr\/405060\/"},"modified":"2025-09-20T14:55:55","modified_gmt":"2025-09-20T14:55:55","slug":"saint-etienne-une-voiture-sencastre-violemment-dans-un-camion-un-homme-de-54-ans-meurt","status":"publish","type":"post","link":"https:\/\/www.europesays.com\/fr\/405060\/","title":{"rendered":"Saint-\u00c9tienne. Une voiture s&rsquo;encastre violemment dans un camion, un homme de 54 ans meurt"},"content":{"rendered":"<p>            Par<br \/>\n        <strong><br \/>\n            <a href=\"https:\/\/actu.fr\/auteur\/julien-sournies\" title=\"Consulter tous les articles de Julien Sournies\" rel=\"nofollow noopener\" target=\"_blank\">Julien Sournies<\/a><br \/>\n        <\/strong><\/p>\n<p>        Publi\u00e9 le<\/p>\n<p>            17 sept. 2025 \u00e0 9h37        <\/p>\n<p>Un drame s\u2019est jou\u00e9 t\u00f4t ce mercredi 17\u00a0septembre matin \u00e0 <a href=\"https:\/\/actu.fr\/saint-etienne\/\" rel=\"nofollow noopener\" target=\"_blank\">Saint-\u00c9tienne<\/a> (<a href=\"https:\/\/actu.fr\/auvergne-rhone-alpes\/loire_42\" rel=\"nofollow noopener\" target=\"_blank\">Loire<\/a>). Peu apr\u00e8s 5h30, les sapeurs-pompiers sont intervenus pour un<strong> accident de la circulation<\/strong> impliquant un poids lourd et une voiture, sur la RN488, \u00e0 hauteur de Terrenoire, dans le sens Saint-Chamond\/Saint-\u00c9tienne.<\/p>\n<p class=\" wall-content\">Selon les premiers \u00e9l\u00e9ments communiqu\u00e9s par les sapeurs-pompiers lig\u00e9riens, l\u2019automobiliste s\u2019est violemment encastr\u00e9 dans l\u2019arri\u00e8re du camion.<\/p>\n<p>L\u2019automobiliste n\u2019a pas surv\u00e9cu<\/p>\n<p class=\" wall-content\">\u00c0 l\u2019arriv\u00e9e des secours, le bilan faisait \u00e9tat d\u2019une seule victime \u2013 un homme \u00e2g\u00e9 de 54 ans \u2013, laquelle se trouvait toujours dans l\u2019habitacle de sa voiture.<\/p>\n<p>    <a href=\"https:\/\/www.google.com\/maps\/embed?pb=!1m14!1m8!1m3!1d11197.580955306092!2d4.426678!3d45.441691!3m2!1i1024!2i768!4f13.1!3m3!1m2!1s0x47f5abd7db6edcab%3A0x9c08c9508f90b8b2!2sN488%2C%20Saint-%C3%89tienne%2C%20France!5e0!3m2!1sfr!2sus!4v1758094072827!5m2!1sfr!2sus\" title=\"Ouvrie le lien\" rel=\"nofollow noopener\" target=\"_blank\">Cliquez ici pour visualiser le contenu<\/a><\/p>\n<p class=\" wall-content\">Malgr\u00e9 les soins prodigu\u00e9s par les secours, le quinquag\u00e9naire a \u00e9t\u00e9 d\u00e9clar\u00e9 <strong>d\u00e9c\u00e9d\u00e9<\/strong> par un m\u00e9decin du Smur.<\/p>\n<p class=\" wall-content\">En cons\u00e9quence, la circulation a \u00e9t\u00e9 fortement perturb\u00e9e sur le secteur. Sur les r\u00e9seaux sociaux, la pr\u00e9fecture de la Loire indique que \u00ab\u2009le camion doit \u00eatre remorqu\u00e9, ce qui entraine la fermeture totale de l\u2019axe \u00e0 ce niveau dans le sens Saint-Chamond\/Saint-\u00c9tienne\u2009\u00bb.<\/p>\n<p class=\" wall-content\">Personnalisez votre actualit\u00e9 en ajoutant vos villes et m\u00e9dias en favori avec <a href=\"https:\/\/moncompte.actu.fr\" title=\"D\u00e9couvez Mon Actu\" rel=\"nofollow noopener\" data-trk=\"{&quot;cta&quot;:{&quot;action&quot;:&quot;https:\\\/\\\/moncompte.actu.fr&quot;,&quot;category&quot;:&quot;mon compte&quot;,&quot;from&quot;:&quot;article footer&quot;,&quot;name&quot;:&quot;Mon actu&quot;,&quot;type&quot;:&quot;cta&quot;}}\" target=\"_blank\">Mon Actu<\/a>.<\/p>\n","protected":false},"excerpt":{"rendered":"Par Julien Sournies Publi\u00e9 le 17 sept. 2025 \u00e0 9h37 Un drame s\u2019est jou\u00e9 t\u00f4t ce mercredi 17\u00a0septembre&hellip;\n","protected":false},"author":2,"featured_media":405061,"comment_status":"","ping_status":"","sticky":false,"template":"","format":"standard","meta":{"footnotes":""},"categories":[9653],"tags":[119,1111,11,2430,3542,1777,674,118,1011,27,12,1311,25,4001],"class_list":{"0":"post-405060","1":"post","2":"type-post","3":"status-publish","4":"format-standard","5":"has-post-thumbnail","7":"category-saint-etienne","8":"tag-accident","9":"tag-actu","10":"tag-actualites","11":"tag-auvergne-rhone-alpes","12":"tag-circulation","13":"tag-eu","14":"tag-europe","15":"tag-faits-divers","16":"tag-fr","17":"tag-france","18":"tag-news","19":"tag-pompiers","20":"tag-republique-francaise","21":"tag-saint-etienne"},"share_on_mastodon":{"url":"https:\/\/pubeurope.com\/@fr\/115237210194493384","error":""},"_links":{"self":[{"href":"https:\/\/www.europesays.com\/fr\/wp-json\/wp\/v2\/posts\/405060","targetHints":{"allow":["GET"]}}],"collection":[{"href":"https:\/\/www.europesays.com\/fr\/wp-json\/wp\/v2\/posts"}],"about":[{"href":"https:\/\/www.europesays.com\/fr\/wp-json\/wp\/v2\/types\/post"}],"author":[{"embeddable":true,"href":"https:\/\/www.europesays.com\/fr\/wp-json\/wp\/v2\/users\/2"}],"replies":[{"embeddable":true,"href":"https:\/\/www.europesays.com\/fr\/wp-json\/wp\/v2\/comments?post=405060"}],"version-history":[{"count":0,"href":"https:\/\/www.europesays.com\/fr\/wp-json\/wp\/v2\/posts\/405060\/revisions"}],"wp:featuredmedia":[{"embeddable":true,"href":"https:\/\/www.europesays.com\/fr\/wp-json\/wp\/v2\/media\/405061"}],"wp:attachment":[{"href":"https:\/\/www.europesays.com\/fr\/wp-json\/wp\/v2\/media?parent=405060"}],"wp:term":[{"taxonomy":"category","embeddable":true,"href":"https:\/\/www.europesays.com\/fr\/wp-json\/wp\/v2\/categories?post=405060"},{"taxonomy":"post_tag","embeddable":true,"href":"https:\/\/www.europesays.com\/fr\/wp-json\/wp\/v2\/tags?post=405060"}],"curies":[{"name":"wp","href":"https:\/\/api.w.org\/{rel}","templated":true}]}}