{"id":405066,"date":"2025-09-20T14:59:13","date_gmt":"2025-09-20T14:59:13","guid":{"rendered":"https:\/\/www.europesays.com\/fr\/405066\/"},"modified":"2025-09-20T14:59:13","modified_gmt":"2025-09-20T14:59:13","slug":"basket-fin-de-la-parenthese-sluc-nancy-pour-carl-ponsar-qui-rejoint-la-pologne","status":"publish","type":"post","link":"https:\/\/www.europesays.com\/fr\/405066\/","title":{"rendered":"Basket. Fin de la parenth\u00e8se SLUC Nancy pour Carl Ponsar, qui rejoint la Pologne"},"content":{"rendered":"<p>Apr\u00e8s un aller-retour non suivi d\u2019effets \u00e0 Limoges (qui a finalement recrut\u00e9 Hugo Invernizzi), Carl Ponsar (28 ans\u00a0; 2,03m) va cette fois d\u00e9finitivement quitter Nancy, o\u00f9 il jouait les sparring-partners depuis la reprise. Selon BeBasket, l\u2019int\u00e9rieur fran\u00e7ais, sans club depuis son d\u00e9part de l\u2019Alliance Sport Alsace (Pro B) s\u2019est engag\u00e9 avec le club polonais du Legia Varsovie, pour une pige de deux mois.<\/p>\n<p>Ce contenu est bloqu\u00e9 car vous n&rsquo;avez pas accept\u00e9 les cookies et autres traceurs.<\/p>\n<p>En cliquant sur \u00ab J\u2019accepte \u00bb, les cookies et autres traceurs seront d\u00e9pos\u00e9s et vous pourrez visualiser les contenus  (<a href=\"\" class=\"consentModule_policy\" target=\"_blank\" title=\"Consulter la politique de protection des donn\u00e9es du fournisseur\">plus d&rsquo;informations<\/a>).<\/p>\n<p>En cliquant sur \u00ab J\u2019accepte tous les cookies \u00bb, vous autorisez des d\u00e9p\u00f4ts de cookies et autres traceurs pour le stockage de vos donn\u00e9es sur nos sites et applications \u00e0 des fins de personnalisation et de ciblage publicitaire.<\/p>\n<p class=\"consentModule_secondaryText\">Vous gardez la possibilit\u00e9 de retirer votre consentement \u00e0 tout moment en consultant notre <a href=\"https:\/\/www.estrepublicain.fr\/protection-des-donnees\" target=\"_blank\" title=\"Consulter notre politique de protection des donn\u00e9es\" rel=\"noopener\">politique de protection des donn\u00e9es<\/a>. <br \/>&#13;<br \/>\n            <a href=\"https:\/\/www.estrepublicain.fr\/sport\/2025\/09\/20\/javascript:Didomi.notice.show()\" class=\"consentModule_cmp\" target=\"_blank\" rel=\"noopener\">G\u00e9rer mes choix<\/a>&#13;\n        <\/p>\n<p>&#13;<br \/>\n                        J&rsquo;accepte&#13;<br \/>\n            J&rsquo;accepte tous les cookies&#13;\n        <\/p>\n<p>Rappelons que le joueur accueilli par le SLUC en pr\u00e9saison a disput\u00e9 la quasi-int\u00e9gralit\u00e9 des matches de pr\u00e9paration avec le maillot des couguars. Ce s\u00e9jour en Lorraine aura permis \u00e0 l\u2019ailier-fort de garder la forme, tandis que le SLUC a b\u00e9n\u00e9fici\u00e9 de sa pr\u00e9sence \u00e0 l\u2019entra\u00eenement, mais aussi pour permettre \u00e0 K\u00e9vin Marsillon-Nol\u00e9o de monter doucement en r\u00e9gime apr\u00e8s son op\u00e9ration de la cheville et pallier num\u00e9riquement <a href=\"https:\/\/www.estrepublicain.fr\/sport\/2025\/09\/05\/sluc-nancy-mohammad-amini-suivra-les-travaux-depuis-le-banc\" target=\"_blank\" rel=\"noopener\">l\u2019absence de Mohammad Amini<\/a>.<\/p>\n","protected":false},"excerpt":{"rendered":"Apr\u00e8s un aller-retour non suivi d\u2019effets \u00e0 Limoges (qui a finalement recrut\u00e9 Hugo Invernizzi), Carl Ponsar (28 ans\u00a0;&hellip;\n","protected":false},"author":2,"featured_media":405067,"comment_status":"","ping_status":"","sticky":false,"template":"","format":"standard","meta":{"footnotes":""},"categories":[9635],"tags":[1111,11,1791,1704,1777,674,1701,1011,27,775,1702,1703,12,25,11567,517,1700],"class_list":{"0":"post-405066","1":"post","2":"type-post","3":"status-publish","4":"format-standard","5":"has-post-thumbnail","7":"category-nancy","8":"tag-actu","9":"tag-actualites","10":"tag-basket-ball","11":"tag-edition-nancy-et-agglomeration","12":"tag-eu","13":"tag-europe","14":"tag-fil-info-sport","15":"tag-fr","16":"tag-france","17":"tag-grand-est","18":"tag-nancy","19":"tag-nancy-ville-54b","20":"tag-news","21":"tag-republique-francaise","22":"tag-sluc","23":"tag-sport","24":"tag-sport-lorrain"},"share_on_mastodon":{"url":"https:\/\/pubeurope.com\/@fr\/115237221983370495","error":""},"_links":{"self":[{"href":"https:\/\/www.europesays.com\/fr\/wp-json\/wp\/v2\/posts\/405066","targetHints":{"allow":["GET"]}}],"collection":[{"href":"https:\/\/www.europesays.com\/fr\/wp-json\/wp\/v2\/posts"}],"about":[{"href":"https:\/\/www.europesays.com\/fr\/wp-json\/wp\/v2\/types\/post"}],"author":[{"embeddable":true,"href":"https:\/\/www.europesays.com\/fr\/wp-json\/wp\/v2\/users\/2"}],"replies":[{"embeddable":true,"href":"https:\/\/www.europesays.com\/fr\/wp-json\/wp\/v2\/comments?post=405066"}],"version-history":[{"count":0,"href":"https:\/\/www.europesays.com\/fr\/wp-json\/wp\/v2\/posts\/405066\/revisions"}],"wp:featuredmedia":[{"embeddable":true,"href":"https:\/\/www.europesays.com\/fr\/wp-json\/wp\/v2\/media\/405067"}],"wp:attachment":[{"href":"https:\/\/www.europesays.com\/fr\/wp-json\/wp\/v2\/media?parent=405066"}],"wp:term":[{"taxonomy":"category","embeddable":true,"href":"https:\/\/www.europesays.com\/fr\/wp-json\/wp\/v2\/categories?post=405066"},{"taxonomy":"post_tag","embeddable":true,"href":"https:\/\/www.europesays.com\/fr\/wp-json\/wp\/v2\/tags?post=405066"}],"curies":[{"name":"wp","href":"https:\/\/api.w.org\/{rel}","templated":true}]}}