{"id":405068,"date":"2025-09-20T15:00:14","date_gmt":"2025-09-20T15:00:14","guid":{"rendered":"https:\/\/www.europesays.com\/fr\/405068\/"},"modified":"2025-09-20T15:00:14","modified_gmt":"2025-09-20T15:00:14","slug":"un-vent-de-fraicheur-et-de-nouvelles-propositions-la-mediatheque-de-sollies-toucas-se-reinvente","status":"publish","type":"post","link":"https:\/\/www.europesays.com\/fr\/405068\/","title":{"rendered":"\u00ab\u00a0Un vent de fra\u00eecheur et de nouvelles propositions\u00a0\u00bb: la m\u00e9diath\u00e8que de Solli\u00e8s-Toucas se r\u00e9invente"},"content":{"rendered":"<p>La biblioth\u00e8que Thyde-Monnier, sous l\u2019impulsion de sa rayonnante biblioth\u00e9caire Christelle Ricaud arriv\u00e9e en 2022, conna\u00eet un renouveau en n\u2019h\u00e9sitant pas \u00e0 offrir de nouvelles activit\u00e9s, tout en proposant des rayons que l\u2019on trouve peu ailleurs.<\/p>\n<p><strong>Webtoon et New Romance<\/strong><\/p>\n<p>\u00ab\u00a0De nouveaux adh\u00e9rents nous ont rejoints depuis quelques mois, d\u00e9clare Christelle, ravie. L\u2019ouverture de la m\u00e9diath\u00e8que solli\u00e8s-pontoise Ren\u00e9-Char avait un peu \u00e9loign\u00e9 certains de nos lecteurs, mais ils sont heureusement revenus. Nous proposons en particulier deux nouveaux rayons qui rencontrent du succ\u00e8s. Le webtoon, d\u2019origine cor\u00e9enne, qui m\u00e9lange la BD et les mangas, et la new romance.\u00a0\u00bb<\/p>\n<p>Nicolas Juan, adjoint \u00e0 la culture, se f\u00e9licite de ces nouveaut\u00e9s, preuves d\u2019un service renouvel\u00e9. \u00ab\u00a0Nous avons la chance d\u2019avoir une m\u00e9diath\u00e8que performante, avec un contenu vari\u00e9 et des sp\u00e9cificit\u00e9s. Ce qui fait aussi ce succ\u00e8s c\u2019est que notre biblioth\u00e9caire, outre le fait qu\u2019elle a apport\u00e9 un vent de fra\u00eecheur et de nouvelles propositions, apporte son savoir-\u00eatre et son relationnel aux lecteurs, contribuant \u00e0 les fid\u00e9liser avec un service humain de qualit\u00e9!\u00a0\u00bb <\/p>\n<p>Nouveau rendez-vous, trimestriel, l\u2019\u00e9chapp\u00e9e litt\u00e9raire. \u00ab\u00a0C\u2019est une rencontre que nous proposons en partenariat avec l\u2019association Lire et partager, explique Christelle Ricaud. Cela permet une rencontre entre lecteurs et biblioth\u00e9caire. Nous pr\u00e9parons un dossier de pr\u00e9sentation et il s\u2019ensuit un d\u00e9bat\/\u00e9change sur le th\u00e8me abord\u00e9.\u00a0\u00bb Apr\u00e8s la litt\u00e9rature japonaise, le th\u00e8me sera \u00ab\u00a0les romans du terroir et la saga familiale\u00a0\u00bb, aujourd\u2019hui de 10h \u00e0 12h \u00e0 la biblioth\u00e8que (4 impasse des Basses Tourettes).<\/p>\n<p><strong>Prix des lecteurs du Var et spectacle<\/strong><\/p>\n<p>La m\u00e9diath\u00e8que Thyde-Monnier propose \u00e9galement \u00e0 ses adh\u00e9rents de voter (jusqu\u2019au 19 octobre) pour le prix des lecteurs du Var dans trois cat\u00e9gories, adulte, bande dessin\u00e9e et jeunesse (s\u00e9lection propos\u00e9e en pr\u00eat) et de d\u00e9poser leurs votes dans une urne d\u00e9di\u00e9e. Les r\u00e9sultats seront annonc\u00e9s lors de la f\u00eate du livre du Var 2025 qui aura lieu du 21 au 23 novembre \u00e0 Toulon.<\/p>\n<p>En parall\u00e8le, le D\u00e9partement et la m\u00e9diath\u00e8que d\u00e9partementale du Var, en partenariat avec la municipalit\u00e9, offrent le samedi 27 septembre \u00e0 15h30 \u00e0 la salle des f\u00eates, un spectacle tout public (suivi d\u2019un go\u00fbter). Il s\u2019agira d\u2019une adaptation th\u00e9\u00e2trale in\u00e9dite de la BD Retour \u00e0 Tomioka par deux com\u00e9diens de la Compagnie l\u2019\u00c9treinte. Une cr\u00e9ation originale m\u00ealant th\u00e9\u00e2tre contemporain, absurde et clown grotesque, dans un voyage imaginaire entre po\u00e9sie, humour et fantaisie (1).<\/p>\n<p>1. Inscriptions au 04.94.00.41.38.<\/p>\n","protected":false},"excerpt":{"rendered":"La biblioth\u00e8que Thyde-Monnier, sous l\u2019impulsion de sa rayonnante biblioth\u00e9caire Christelle Ricaud arriv\u00e9e en 2022, conna\u00eet un renouveau en&hellip;\n","protected":false},"author":2,"featured_media":405069,"comment_status":"","ping_status":"","sticky":false,"template":"","format":"standard","meta":{"footnotes":""},"categories":[9619],"tags":[1111,11,1777,674,1011,27,12,882,25,2310,3366],"class_list":{"0":"post-405068","1":"post","2":"type-post","3":"status-publish","4":"format-standard","5":"has-post-thumbnail","7":"category-toulon","8":"tag-actu","9":"tag-actualites","10":"tag-eu","11":"tag-europe","12":"tag-fr","13":"tag-france","14":"tag-news","15":"tag-provence-alpes-cote-dazur","16":"tag-republique-francaise","17":"tag-toulon","18":"tag-vie-locale"},"share_on_mastodon":{"url":"https:\/\/pubeurope.com\/@fr\/115237225943860708","error":""},"_links":{"self":[{"href":"https:\/\/www.europesays.com\/fr\/wp-json\/wp\/v2\/posts\/405068","targetHints":{"allow":["GET"]}}],"collection":[{"href":"https:\/\/www.europesays.com\/fr\/wp-json\/wp\/v2\/posts"}],"about":[{"href":"https:\/\/www.europesays.com\/fr\/wp-json\/wp\/v2\/types\/post"}],"author":[{"embeddable":true,"href":"https:\/\/www.europesays.com\/fr\/wp-json\/wp\/v2\/users\/2"}],"replies":[{"embeddable":true,"href":"https:\/\/www.europesays.com\/fr\/wp-json\/wp\/v2\/comments?post=405068"}],"version-history":[{"count":0,"href":"https:\/\/www.europesays.com\/fr\/wp-json\/wp\/v2\/posts\/405068\/revisions"}],"wp:featuredmedia":[{"embeddable":true,"href":"https:\/\/www.europesays.com\/fr\/wp-json\/wp\/v2\/media\/405069"}],"wp:attachment":[{"href":"https:\/\/www.europesays.com\/fr\/wp-json\/wp\/v2\/media?parent=405068"}],"wp:term":[{"taxonomy":"category","embeddable":true,"href":"https:\/\/www.europesays.com\/fr\/wp-json\/wp\/v2\/categories?post=405068"},{"taxonomy":"post_tag","embeddable":true,"href":"https:\/\/www.europesays.com\/fr\/wp-json\/wp\/v2\/tags?post=405068"}],"curies":[{"name":"wp","href":"https:\/\/api.w.org\/{rel}","templated":true}]}}