{"id":405112,"date":"2025-09-20T15:24:11","date_gmt":"2025-09-20T15:24:11","guid":{"rendered":"https:\/\/www.europesays.com\/fr\/405112\/"},"modified":"2025-09-20T15:24:11","modified_gmt":"2025-09-20T15:24:11","slug":"animations-combi-vintage-un-avant-gout-de-la-foire-de-marseille-sur-le-vieux-port-ce-samedi","status":"publish","type":"post","link":"https:\/\/www.europesays.com\/fr\/405112\/","title":{"rendered":"Animations, combi vintage&#8230; un avant-go\u00fbt de la Foire de Marseille sur le Vieux-Port ce samedi"},"content":{"rendered":"<p>La Foire ? Elo\u00efse, Victoria et Antoine n&rsquo;en avaient jamais entendu parler. Originaires de Rh\u00f4ne-Alpes, ces \u00e9tudiants de 22 ans ont quitt\u00e9 leur campus aixois pour la journ\u00e9e, esp\u00e9rant d\u00e9couvrir l&rsquo;\u00eele d&rsquo;If <a href=\"https:\/\/www.laprovence.com\/article\/culture-loisirs\/3635805157773514\/journees-europeennes-du-patrimoine-un-week-end-entierement-dedie-aux-lieux-emblematiques-en-provence\" target=\"_blank\" rel=\"noopener\">\u00e0 l&rsquo;occasion des Journ\u00e9es du patrimoine<\/a>. \u00ab\u00a0Mais il y a trop de monde pour prendre le bateau, alors on s&rsquo;est rabattus sur les animations du Vieux-Port\u00a0\u00bb, explique Antoine.<\/p>\n<p>Entre le march\u00e9 aux fleurs, celui aux poissons et le car-podium du bio tour, le quai de la Fraternit\u00e9 est particuli\u00e8rement vivant ce matin du samedi 20 septembre, mais c&rsquo;est vers trois Combi Volskwagen vintage aux couleurs de la Foire internationale de Marseille que les \u00e9tudiants ont choisi de se diriger.<\/p>\n<p>Des places \u00e0 gagner<\/p>\n<p>Pour rappeler au public que son \u00e9dition 2025 sera celle de son centenaire, la Foire de Marseille s&rsquo;est \u00e9chapp\u00e9e du parc Chanot le temps d&rsquo;une journ\u00e9e, en proposant aux badauds, de 10h \u00e0 18h, de participer \u00e0 des jeux pour gagner des places pour la Foire mais aussi un an de cin\u00e9ma chez Path\u00e9, des places de spectacle au Marseille Comedy club ou de plong\u00e9e avec le Bateau jaune.<\/p>\n<p>Alors que les tubes de Will Smith et d&rsquo;Oph\u00e9lie Winter ambiancent le Vieux-Port depuis le Combi 1990, Elo\u00efse, Victoria et Antoine ont pour leur part pr\u00e9f\u00e9r\u00e9 immortaliser leur visite dans le Combi 2025 o\u00f9 il est possible de se faire tirer le portrait, et, si on l&rsquo;accepte, de le voir projet\u00e9 au parc Chanot parmi les \u00ab\u00a0100 visages de la Foire\u00a0\u00bb.<\/p>\n<p>De quoi susciter la curiosit\u00e9 d&rsquo;Ana et Georges, sexag\u00e9naires de la Belle-de-Mai, qui ne ratent quasiment jamais le rendez-vous de la fin septembre, \u00ab\u00a0surtout pour le pavillon italien, pour bien manger, d\u00e9couvrir les nouveaut\u00e9s et les produits artisanaux du hall international\u00a0\u00bb, sourit Ana.<\/p>\n<p>Rendez-vous du 26 septembre au 6 octobre au parc Chanot.<\/p>\n","protected":false},"excerpt":{"rendered":"La Foire ? Elo\u00efse, Victoria et Antoine n&rsquo;en avaient jamais entendu parler. Originaires de Rh\u00f4ne-Alpes, ces \u00e9tudiants de&hellip;\n","protected":false},"author":2,"featured_media":405113,"comment_status":"","ping_status":"","sticky":false,"template":"","format":"standard","meta":{"footnotes":""},"categories":[2814],"tags":[17,1111,11,1063,53659,53658,1777,674,4434,1011,27,884,12,882,16,25,3356,16831],"class_list":{"0":"post-405112","1":"post","2":"type-post","3":"status-publish","4":"format-standard","5":"has-post-thumbnail","7":"category-marseille","8":"tag-17","9":"tag-actu","10":"tag-actualites","11":"tag-animations","12":"tag-avant-gout","13":"tag-combi","14":"tag-eu","15":"tag-europe","16":"tag-foire","17":"tag-fr","18":"tag-france","19":"tag-marseille","20":"tag-news","21":"tag-provence-alpes-cote-dazur","22":"tag-region","23":"tag-republique-francaise","24":"tag-sur","25":"tag-vintage"},"share_on_mastodon":{"url":"https:\/\/pubeurope.com\/@fr\/115237320361129750","error":""},"_links":{"self":[{"href":"https:\/\/www.europesays.com\/fr\/wp-json\/wp\/v2\/posts\/405112","targetHints":{"allow":["GET"]}}],"collection":[{"href":"https:\/\/www.europesays.com\/fr\/wp-json\/wp\/v2\/posts"}],"about":[{"href":"https:\/\/www.europesays.com\/fr\/wp-json\/wp\/v2\/types\/post"}],"author":[{"embeddable":true,"href":"https:\/\/www.europesays.com\/fr\/wp-json\/wp\/v2\/users\/2"}],"replies":[{"embeddable":true,"href":"https:\/\/www.europesays.com\/fr\/wp-json\/wp\/v2\/comments?post=405112"}],"version-history":[{"count":0,"href":"https:\/\/www.europesays.com\/fr\/wp-json\/wp\/v2\/posts\/405112\/revisions"}],"wp:featuredmedia":[{"embeddable":true,"href":"https:\/\/www.europesays.com\/fr\/wp-json\/wp\/v2\/media\/405113"}],"wp:attachment":[{"href":"https:\/\/www.europesays.com\/fr\/wp-json\/wp\/v2\/media?parent=405112"}],"wp:term":[{"taxonomy":"category","embeddable":true,"href":"https:\/\/www.europesays.com\/fr\/wp-json\/wp\/v2\/categories?post=405112"},{"taxonomy":"post_tag","embeddable":true,"href":"https:\/\/www.europesays.com\/fr\/wp-json\/wp\/v2\/tags?post=405112"}],"curies":[{"name":"wp","href":"https:\/\/api.w.org\/{rel}","templated":true}]}}