{"id":405114,"date":"2025-09-20T15:25:28","date_gmt":"2025-09-20T15:25:28","guid":{"rendered":"https:\/\/www.europesays.com\/fr\/405114\/"},"modified":"2025-09-20T15:25:28","modified_gmt":"2025-09-20T15:25:28","slug":"la-sdj-accuse-les-forces-de-lordre","status":"publish","type":"post","link":"https:\/\/www.europesays.com\/fr\/405114\/","title":{"rendered":"la SDJ accuse les forces de l&rsquo;ordre"},"content":{"rendered":"<p itemprop=\"description\"><strong>Jeudi \u00e0 la mi-journ\u00e9e, un journaliste de France 2 a \u00e9t\u00e9 bless\u00e9 durant la manifestation \u00ab\u00a0Bloquons Tout\u00a0\u00bb \u00e0 Lyon.<\/strong><\/p>\n<p>La Soci\u00e9t\u00e9 des journalistes (SDJ) de France T\u00e9l\u00e9visions a r\u00e9agi, apportant son soutien \u00e0 son coll\u00e8gue et d\u00e9non\u00e7ant un tir de projectile provenant, selon elle, des forces de l\u2019ordre.<\/p>\n<p>Les faits se seraient d\u00e9roul\u00e9s alors que l\u2019\u00e9quipe de France 2 se trouvait en d\u00e9but de cort\u00e8ge, coinc\u00e9e entre manifestants et CRS apr\u00e8s un tir de mortier initi\u00e9 par un black bloc. Alors que les forces de l\u2019ordre reculaient, le journaliste a \u00e9t\u00e9 atteint par un projectile sur son sac \u00e0 dos. L\u2019engin a explos\u00e9, lui provoquant des br\u00fblures au dos, des acouph\u00e8nes, et d\u00e9chirant ses v\u00eatements. La victime a ensuite \u00e9t\u00e9 imm\u00e9diatement prise en charge par les secours.<\/p>\n<p>\u00ab\u00a0\u00c9tant donn\u00e9 la trajectoire du projectile, il para\u00eet \u00e9vident qu\u2019il provient des forces de l\u2019ordre\u00a0\u00bb, \u00e9crit la SDJ, tout en pr\u00e9cisant ne pas pr\u00e9sumer de l\u2019intention du geste. L\u2019organisation juge toutefois \u00ab\u00a0inacceptable que des journalistes soient victimes d\u2019un tir de grenade dans l\u2019exercice de leur m\u00e9tier\u00a0\u00bb.<\/p>\n<p>La SDJ rappelle que le statut des journalistes les prot\u00e8ge et que les forces de l\u2019ordre doivent en tenir compte. \u00ab\u00a0Les journalistes doivent pouvoir travailler librement et en s\u00e9curit\u00e9, y compris lors de ces moments de tensions et d\u2019affrontements\u00a0\u00bb, conclut le communiqu\u00e9.<\/p>\n<p>De son c\u00f4t\u00e9, la pr\u00e9fecture du Rh\u00f4ne indique ne pas disposer encore des \u00e9l\u00e9ments n\u00e9cessaires pour confirmer ou non le fait que le projectile ayant bless\u00e9 le journaliste \u00e0 Lyon provenait des forces de l&rsquo;ordre.<\/p>\n","protected":false},"excerpt":{"rendered":"Jeudi \u00e0 la mi-journ\u00e9e, un journaliste de France 2 a \u00e9t\u00e9 bless\u00e9 durant la manifestation \u00ab\u00a0Bloquons Tout\u00a0\u00bb \u00e0&hellip;\n","protected":false},"author":2,"featured_media":405115,"comment_status":"","ping_status":"","sticky":false,"template":"","format":"standard","meta":{"footnotes":""},"categories":[1889],"tags":[1111,11,2813,2190,2430,1109,251,1112,2811,1777,674,118,1011,27,1922,1110,1114,2428,2810,12,241,316,25,2812,517,800],"class_list":{"0":"post-405114","1":"post","2":"type-post","3":"status-publish","4":"format-standard","5":"has-post-thumbnail","7":"category-lyon","8":"tag-actu","9":"tag-actualites","10":"tag-article","11":"tag-asvel","12":"tag-auvergne-rhone-alpes","13":"tag-breves","14":"tag-culture","15":"tag-depeches","16":"tag-economique","17":"tag-eu","18":"tag-europe","19":"tag-faits-divers","20":"tag-fr","21":"tag-france","22":"tag-info","23":"tag-informations","24":"tag-infos","25":"tag-lyon","26":"tag-lyonmag","27":"tag-news","28":"tag-ol","29":"tag-politique","30":"tag-republique-francaise","31":"tag-sociale","32":"tag-sport","33":"tag-transports"},"share_on_mastodon":{"url":"https:\/\/pubeurope.com\/@fr\/115237324348592851","error":""},"_links":{"self":[{"href":"https:\/\/www.europesays.com\/fr\/wp-json\/wp\/v2\/posts\/405114","targetHints":{"allow":["GET"]}}],"collection":[{"href":"https:\/\/www.europesays.com\/fr\/wp-json\/wp\/v2\/posts"}],"about":[{"href":"https:\/\/www.europesays.com\/fr\/wp-json\/wp\/v2\/types\/post"}],"author":[{"embeddable":true,"href":"https:\/\/www.europesays.com\/fr\/wp-json\/wp\/v2\/users\/2"}],"replies":[{"embeddable":true,"href":"https:\/\/www.europesays.com\/fr\/wp-json\/wp\/v2\/comments?post=405114"}],"version-history":[{"count":0,"href":"https:\/\/www.europesays.com\/fr\/wp-json\/wp\/v2\/posts\/405114\/revisions"}],"wp:featuredmedia":[{"embeddable":true,"href":"https:\/\/www.europesays.com\/fr\/wp-json\/wp\/v2\/media\/405115"}],"wp:attachment":[{"href":"https:\/\/www.europesays.com\/fr\/wp-json\/wp\/v2\/media?parent=405114"}],"wp:term":[{"taxonomy":"category","embeddable":true,"href":"https:\/\/www.europesays.com\/fr\/wp-json\/wp\/v2\/categories?post=405114"},{"taxonomy":"post_tag","embeddable":true,"href":"https:\/\/www.europesays.com\/fr\/wp-json\/wp\/v2\/tags?post=405114"}],"curies":[{"name":"wp","href":"https:\/\/api.w.org\/{rel}","templated":true}]}}