{"id":405116,"date":"2025-09-20T15:26:19","date_gmt":"2025-09-20T15:26:19","guid":{"rendered":"https:\/\/www.europesays.com\/fr\/405116\/"},"modified":"2025-09-20T15:26:19","modified_gmt":"2025-09-20T15:26:19","slug":"les-journees-du-patrimoine-a-lyon-a-travers-des-parcours","status":"publish","type":"post","link":"https:\/\/www.europesays.com\/fr\/405116\/","title":{"rendered":"Les Journ\u00e9es du Patrimoine \u00e0 Lyon \u00e0 travers des parcours"},"content":{"rendered":"<p>                            <img loading=\"lazy\" width=\"886\" height=\"553\" class=\"attachment-article size-article wp-post-image lazyload\" alt=\"\" decoding=\"async\" src=\"https:\/\/www.europesays.com\/fr\/wp-content\/uploads\/2025\/09\/Hotel-de-Ville-Lyon-@WilliamPham-2-e1672846687327.jpg\" data-eio-rwidth=\"886\" data-eio-rheight=\"553\"\/><\/p>\n<p>H\u00f4tel de Ville de Lyon. @WilliamPham<\/p>\n<p class=\"content\" style=\"font-size:1.2em;font-weight:700\">Ce week-end du 20 et 21 septembre, lors des Journ\u00e9es Europ\u00e9ennes du Patrimoine, la M\u00e9tropole de Lyon propose plusieurs parcours th\u00e9matiques pour d\u00e9couvrir la ville de mille et une fa\u00e7ons diff\u00e9rentes. <\/p>\n<p>Ce week-end, ouvrez grand vos mirettes. Les Journ\u00e9es Europ\u00e9ennes du Patrimoine se tiennent \u00e0 Lyon avec pour th\u00e9matique le patrimoine architectural. <a href=\"https:\/\/www.lyoncapitale.fr\/actualite\/journees-du-patrimoine-plus-de-300-activites-proposees-a-lyon\" target=\"_blank\" rel=\"noreferrer noopener\">Plus de 300 activit\u00e9s sont propos\u00e9es tout au long du week-end.<\/a> Et pour (re)d\u00e9couvrir la ville de fa\u00e7ons diff\u00e9rentes, la M\u00e9tropole de Lyon propose onze parcours th\u00e9matiques pour vous guider dans votre sortie. <\/p>\n<p><strong>Les femmes, la nature, ou encore le spectacle vivant \u00e0 l&rsquo;honneur<\/strong><\/p>\n<p>Vous pensez conna\u00eetre Lyon par coeur ? Faites le test avec ces diff\u00e9rents parcours. Au-del\u00e0 des visites classiques, onze itin\u00e9raires invitent les Lyonnais \u00e0 explorer la ville sous des angles vari\u00e9s. <\/p>\n<p>Le parcours matrimoine met en avant l&rsquo;h\u00e9ritage des femmes longtemps rest\u00e9es dans l&rsquo;ombre. Le parcours nature offre quant \u00e0 lui un souffle d&rsquo;air frais au coeur de la m\u00e9tropole. Le parcours insolite propose de d\u00e9couvrir la ville hors des sentiers battus \u00e0 travers des lieux m\u00e9connus, des anecdotes surprenantes et des visites originales. D&rsquo;autres parcours, m\u00e9decine, spectacle vivant, patrimoine religieux, science et eau sont \u00e0 d\u00e9couvrir lors de ces deux journ\u00e9es. <\/p>\n<p>Alors que vous soyez seul, en famille, amoureux de la nature, int\u00e9ress\u00e9s par des r\u00e9cits oubli\u00e9s ou amateurs d&rsquo;histoires insolites, les Journ\u00e9es du Patrimoine sait r\u00e9pondre \u00e0 toutes les curiosit\u00e9s. <\/p>\n<p>Plus d&rsquo;informations sur les parcours : https:\/\/jep.grandlyon.com\/11-themes-a-decouvrir<\/p>\n","protected":false},"excerpt":{"rendered":"H\u00f4tel de Ville de Lyon. @WilliamPham Ce week-end du 20 et 21 septembre, lors des Journ\u00e9es Europ\u00e9ennes du&hellip;\n","protected":false},"author":2,"featured_media":405117,"comment_status":"","ping_status":"","sticky":false,"template":"","format":"standard","meta":{"footnotes":""},"categories":[1889],"tags":[1111,11,2430,1777,674,1011,27,48159,2428,12,25,2429],"class_list":{"0":"post-405116","1":"post","2":"type-post","3":"status-publish","4":"format-standard","5":"has-post-thumbnail","7":"category-lyon","8":"tag-actu","9":"tag-actualites","10":"tag-auvergne-rhone-alpes","11":"tag-eu","12":"tag-europe","13":"tag-fr","14":"tag-france","15":"tag-journees-du-patrimoine","16":"tag-lyon","17":"tag-news","18":"tag-republique-francaise","19":"tag-rhone"},"share_on_mastodon":{"url":"https:\/\/pubeurope.com\/@fr\/115237328744060747","error":""},"_links":{"self":[{"href":"https:\/\/www.europesays.com\/fr\/wp-json\/wp\/v2\/posts\/405116","targetHints":{"allow":["GET"]}}],"collection":[{"href":"https:\/\/www.europesays.com\/fr\/wp-json\/wp\/v2\/posts"}],"about":[{"href":"https:\/\/www.europesays.com\/fr\/wp-json\/wp\/v2\/types\/post"}],"author":[{"embeddable":true,"href":"https:\/\/www.europesays.com\/fr\/wp-json\/wp\/v2\/users\/2"}],"replies":[{"embeddable":true,"href":"https:\/\/www.europesays.com\/fr\/wp-json\/wp\/v2\/comments?post=405116"}],"version-history":[{"count":0,"href":"https:\/\/www.europesays.com\/fr\/wp-json\/wp\/v2\/posts\/405116\/revisions"}],"wp:featuredmedia":[{"embeddable":true,"href":"https:\/\/www.europesays.com\/fr\/wp-json\/wp\/v2\/media\/405117"}],"wp:attachment":[{"href":"https:\/\/www.europesays.com\/fr\/wp-json\/wp\/v2\/media?parent=405116"}],"wp:term":[{"taxonomy":"category","embeddable":true,"href":"https:\/\/www.europesays.com\/fr\/wp-json\/wp\/v2\/categories?post=405116"},{"taxonomy":"post_tag","embeddable":true,"href":"https:\/\/www.europesays.com\/fr\/wp-json\/wp\/v2\/tags?post=405116"}],"curies":[{"name":"wp","href":"https:\/\/api.w.org\/{rel}","templated":true}]}}