{"id":405120,"date":"2025-09-20T15:29:13","date_gmt":"2025-09-20T15:29:13","guid":{"rendered":"https:\/\/www.europesays.com\/fr\/405120\/"},"modified":"2025-09-20T15:29:13","modified_gmt":"2025-09-20T15:29:13","slug":"star-de-la-country-et-compositeur-a-succes-brett-james-meurt-avec-sa-femme-et-sa-belle-fille-dans-un-crash-davion","status":"publish","type":"post","link":"https:\/\/www.europesays.com\/fr\/405120\/","title":{"rendered":"Star de la country et compositeur \u00e0 succ\u00e8s, Brett James meurt avec sa femme et sa belle-fille dans un crash d\u2019avion"},"content":{"rendered":"<p class=\"paragraph text_align_left lp-f-body-02\">Il \u00e9tait une v\u00e9ritable star <a href=\"https:\/\/www.leparisien.fr\/international\/etats-unis\/special-etats-unis-depuis-nashville-la-musique-country-conquiert-tout-un-pays-10-10-2024-76WQG6QLZ5DQRDO3EWKHYXOULA.php\" target=\"_blank\" rel=\"noreferrer noopener\">de la country<\/a>. Le chanteur am\u00e9ricain Brett James est d\u00e9c\u00e9d\u00e9 ce jeudi 18 septembre<a href=\"https:\/\/www.leparisien.fr\/culture-loisirs\/mort-du-realisateur-valentin-petit-dans-un-accident-davion-22-05-2023-C4KZPQTQVNFA3MRIEKYZVAVUUY.php\" target=\"_blank\" rel=\"noreferrer noopener\"> dans le crash d\u2019un petit avion de tourisme<\/a> en Caroline du Nord (Etats-Unis), rapporte <a href=\"https:\/\/abcnews.go.com\/US\/songwriter-brett-james-3-killed-small-plane-crash\/story?id=125727543\" target=\"_blank\" rel=\"noreferrer noopener\">ABC<\/a>. L\u2019homme de 57 ans est d\u00e9c\u00e9d\u00e9 dans l\u2019accident aux c\u00f4t\u00e9s de sa femme Melody Carole Wilson, 59 ans, et sa belle-fille Meryl Maxwell Wilson, \u00e2g\u00e9e de 28 ans. <\/p>\n<p class=\"paragraph text_align_left lp-f-body-02\">L\u2019appareil, un Cirrus SR22T, s\u2019est \u00e9cras\u00e9 dans un champ situ\u00e9 sur la commune de Franklin, pr\u00e8s de l\u2019a\u00e9rodrome du comt\u00e9 de Macon \u00e0 15 heures jeudi apr\u00e8s-midi, selon les donn\u00e9es de la FAA, l\u2019administration am\u00e9ricaine qui r\u00e9git l\u2019espace a\u00e9rien. Les trois passagers avaient d\u00e9coll\u00e9 plus t\u00f4t dans la journ\u00e9e de Nashville, dans l\u2019Etat voisin du Tennessee. Le Conseil national de la s\u00e9curit\u00e9 des transports (NTSB) a lanc\u00e9 une enqu\u00eate sur les circonstances <a href=\"https:\/\/www.leparisien.fr\/culture-loisirs\/sauves-par-le-gong-alerte-cobra-mort-de-lacteur-allemand-christian-oliver-dans-un-crash-davion-05-01-2024-O2MPBFTNYRFGTADIRYZCYXPZOY.php\" target=\"_blank\" rel=\"noreferrer noopener\">de l\u2019accident<\/a>. La carcasse de l\u2019avion devait \u00eatre r\u00e9cup\u00e9r\u00e9e ce samedi pour \u00eatre examin\u00e9e dans les prochains jours.<\/p>\n<p>Un Grammy Award en 2006<\/p>\n<p class=\"paragraph text_align_left lp-f-body-02\">Egalement compositeur, il se cache notamment derri\u00e8re le tube \u00ab Jesus, Take the Wheel \u00bb de la chanteuse Carrie Underwood. Class\u00e9 n\u00b01 aux Etats-Unis, le titre avait m\u00eame permis \u00e0 son auteur de remporter un Grammy Award de la meilleure chanson country en 2006. L\u2019homme avait \u00e9galement re\u00e7u deux r\u00e9compenses de l\u2019American Society of Composers, Authors, and Publishers (ASCAP) pour ses compositions, d\u00e9taille <a href=\"https:\/\/variety.com\/2025\/music\/news\/jesus-take-the-wheel-songwriter-brett-james-dead-plane-crash-1236524379\/\" target=\"_blank\" rel=\"noreferrer noopener\">Variety<\/a>.<\/p>\n<p class=\"paragraph text_align_left lp-f-body-02\">N\u00e9 dans le Missouri et \u00e9lev\u00e9 \u00e0 Oklahoma City, le chanteur avait quitt\u00e9 l\u2019Oklahoma et des \u00e9tudes de m\u00e9decine dans sa jeunesse pour partir tenter sans chance dans la musique \u00e0 Nashville, le centre du <a href=\"https:\/\/www.leparisien.fr\/oise-60\/la-country-une-danse-en-plein-essor-mais-parfois-moquee-il-y-a-un-veritable-mepris-de-classe-01-11-2022-PRFX6AJPMRC4RHA3BN4ML5XBHA.php\" target=\"_blank\" rel=\"noreferrer noopener\">monde de la country<\/a>. Il a notamment collabor\u00e9 avec Billy Ray Cyrus, p\u00e8re de la star Miley Cyrus, mais aussi Jessica Andrews er Paulina Rubio.<\/p>\n","protected":false},"excerpt":{"rendered":"Il \u00e9tait une v\u00e9ritable star de la country. Le chanteur am\u00e9ricain Brett James est d\u00e9c\u00e9d\u00e9 ce jeudi 18&hellip;\n","protected":false},"author":2,"featured_media":405121,"comment_status":"","ping_status":"","sticky":false,"template":"","format":"standard","meta":{"footnotes":""},"categories":[1888],"tags":[1111,1928,11,1927,872,1777,674,118,1011,27,873,12,1926,626,1925,25],"class_list":{"0":"post-405120","1":"post","2":"type-post","3":"status-publish","4":"format-standard","5":"has-post-thumbnail","7":"category-paris","8":"tag-actu","9":"tag-actu-paris","10":"tag-actualites","11":"tag-actualites-paris","12":"tag-culture-et-loisirs","13":"tag-eu","14":"tag-europe","15":"tag-faits-divers","16":"tag-fr","17":"tag-france","18":"tag-musique","19":"tag-news","20":"tag-news-paris","21":"tag-paris","22":"tag-paris-news","23":"tag-republique-francaise"},"share_on_mastodon":{"url":"https:\/\/pubeurope.com\/@fr\/115237340021445991","error":""},"_links":{"self":[{"href":"https:\/\/www.europesays.com\/fr\/wp-json\/wp\/v2\/posts\/405120","targetHints":{"allow":["GET"]}}],"collection":[{"href":"https:\/\/www.europesays.com\/fr\/wp-json\/wp\/v2\/posts"}],"about":[{"href":"https:\/\/www.europesays.com\/fr\/wp-json\/wp\/v2\/types\/post"}],"author":[{"embeddable":true,"href":"https:\/\/www.europesays.com\/fr\/wp-json\/wp\/v2\/users\/2"}],"replies":[{"embeddable":true,"href":"https:\/\/www.europesays.com\/fr\/wp-json\/wp\/v2\/comments?post=405120"}],"version-history":[{"count":0,"href":"https:\/\/www.europesays.com\/fr\/wp-json\/wp\/v2\/posts\/405120\/revisions"}],"wp:featuredmedia":[{"embeddable":true,"href":"https:\/\/www.europesays.com\/fr\/wp-json\/wp\/v2\/media\/405121"}],"wp:attachment":[{"href":"https:\/\/www.europesays.com\/fr\/wp-json\/wp\/v2\/media?parent=405120"}],"wp:term":[{"taxonomy":"category","embeddable":true,"href":"https:\/\/www.europesays.com\/fr\/wp-json\/wp\/v2\/categories?post=405120"},{"taxonomy":"post_tag","embeddable":true,"href":"https:\/\/www.europesays.com\/fr\/wp-json\/wp\/v2\/tags?post=405120"}],"curies":[{"name":"wp","href":"https:\/\/api.w.org\/{rel}","templated":true}]}}