{"id":405122,"date":"2025-09-20T15:30:12","date_gmt":"2025-09-20T15:30:12","guid":{"rendered":"https:\/\/www.europesays.com\/fr\/405122\/"},"modified":"2025-09-20T15:30:12","modified_gmt":"2025-09-20T15:30:12","slug":"epilation-integrale-taille-des-vetements-face-a-la-polemique-anne-hidalgo-denonce-des-fake-news","status":"publish","type":"post","link":"https:\/\/www.europesays.com\/fr\/405122\/","title":{"rendered":"\u00c9pilation int\u00e9grale, taille des v\u00eatements&#8230; Face \u00e0 la pol\u00e9mique, Anne Hidalgo d\u00e9nonce des \u00ab\u00a0fake news\u00a0\u00bb"},"content":{"rendered":"<p>            Par<br \/>\n        <strong><br \/>\n            <a href=\"https:\/\/actu.fr\/auteur\/thomas-martin\" title=\"Consulter tous les articles de Thomas Martin\" target=\"_blank\" rel=\"noopener\">Thomas Martin<\/a><br \/>\n        <\/strong><\/p>\n<p>        Publi\u00e9 le<\/p>\n<p>            20 sept. 2025 \u00e0 16h22        <\/p>\n<p><a href=\"https:\/\/actu.fr\/tag\/anne-hidalgo\" target=\"_blank\" rel=\"noopener\">Anne Hidalgo<\/a> r\u00eavait peut-\u00eatre d\u2019une fin de mandat plus calme. Alors que les prochaines \u00e9lections municipales, auxquelles elle ne se pr\u00e9sentera pas, se profilent, la maire de Paris doit faire face \u00e0 une \u00e9norme pol\u00e9mique \u00e0 la suite de la r\u00e9v\u00e9lation de ses <a href=\"https:\/\/actu.fr\/ile-de-france\/paris_75056\/shopping-voyages-sous-la-pression-anne-hidalgo-revele-ses-notes-de-frais-et-souleve-l-indignation_63178904.html\" target=\"_blank\" rel=\"noopener\">notes de frais<\/a> de d\u00e9placement et de repr\u00e9sentation par <a href=\"https:\/\/www.mediapart.fr\/journal\/france\/160925\/notes-de-frais-anne-hidalgo-toujours-fachee-avec-la-transparence\" target=\"_blank\" rel=\"noopener\">M\u00e9diapart<\/a>. L\u2019\u00e9dile socialiste a d\u2019ores et d\u00e9j\u00e0 annonc\u00e9 qu\u2019elle allait <a href=\"https:\/\/actu.fr\/ile-de-france\/paris_75056\/revelation-des-notes-de-frais-d-anne-hidalgo-la-maire-de-paris-annonce-qu-elle-va-porter-plainte_63190920.html\" target=\"_blank\" rel=\"noopener\">porter plainte<\/a> pour \u00ab d\u00e9nonciations calomnieuses \u00bb. Ce samedi 20 septembre, un communiqu\u00e9 de la <a href=\"https:\/\/actu.fr\/tag\/mairie-de-paris\" target=\"_blank\" rel=\"noopener\">Ville de Paris<\/a> a pour but d\u2019apporter \u00ab\u00a0des pr\u00e9cisions sur les frais de repr\u00e9sentation de la maire de Paris\u00a0\u00bb.\u00a0<\/p>\n<p>\u00ab\u00a0La maire de Paris a volontairement r\u00e9duit le montant de ses frais de repr\u00e9sentation\u00a0\u00bb<\/p>\n<p class=\" wall-content\">Car apr\u00e8s avoir tard\u00e9 \u00e0 faire preuve de transparence, il semble qu\u2019aujourd\u2019hui il soit beaucoup plus urgent de communiquer du c\u00f4t\u00e9 de l\u2019H\u00f4tel de ville. On indique ainsi que \u00ab\u00a0depuis 2014, puis \u00e0 nouveau en 2020, la maire de Paris a volontairement r\u00e9duit le montant de ses frais de repr\u00e9sentation en les fixant \u00e0 19 720 euros par an, soit un montant bien inf\u00e9rieur \u00e0 celui allou\u00e9 \u00e0 d\u2019autres responsables publics : 100 000 euros pour un secr\u00e9taire d\u2019\u00c9tat et 150 000 euros pour un ministre. Les maires d\u2019arrondissement disposent quant \u00e0 eux d\u2019un plafond de 11 092 euros\u00a0\u00bb.<\/p>\n<p class=\" wall-content\">Ceci \u00e9tant, les services de la maire de Paris rentrent plus dans les points concrets. Le port de v\u00eatements de marques reconnues ou de haute couture ? \u00ab\u00a0(Cela) s\u2019inscrit dans cette logique de valorisation du savoir-faire fran\u00e7ais\u00a0\u00bb car Anne Hidalgo \u00ab\u00a0exerce une fonction de repr\u00e9sentation nationale et internationale, notamment lors de r\u00e9ceptions de d\u00e9l\u00e9gations \u00e9trang\u00e8res, de personnalit\u00e9s de premier plan, ou d\u2019\u00e9v\u00e9nements majeurs comme les Jeux Olympiques et Paralympiques\u00a0\u00bb.\u00a0<\/p>\n<p class=\" wall-content\">Autre point abord\u00e9, celui d\u2019un pr\u00e9tendu service d\u2019\u00e9pilation int\u00e9grale, qui on s\u2019en doute, fait r\u00e9agir. \u00ab\u00a0Faux\u00a0\u00bb, r\u00e9agissent les services d\u2019Anne Hidalgo : \u00ab\u00a0En 2020 lors des Jeux Olympiques de Tokyo \u00e0 l\u2019occasion desquels la Ville de Paris allait recevoir le drapeau olympique, la maire a eu recours, non \u00e0 un service d\u2019\u00e9pilation int\u00e9grale contrairement \u00e0 ce que colportent des fakes news, mais \u00e0 un service de pressing au sein de son h\u00f4tel et \u00e0 des services de coiffure. Aucun \u00e9tablissement n\u2019\u00e9tait alors ouvert en raison de la pand\u00e9mie et du strict confinement de la Ville de Tokyo\u00a0\u00bb.<\/p>\n<p>\u00ab\u00a0La Ville d\u00e9plore les attaques infond\u00e9es visant \u00e0 discr\u00e9diter Anne Hidalgo\u00a0\u00bb<\/p>\n<p class=\" wall-content\">Quant au soup\u00e7on n\u00e9 de l\u2019achat de v\u00eatements de tailles diff\u00e9rentes, la r\u00e9ponse est apport\u00e9e : \u00ab\u00a0La taille des v\u00eatements achet\u00e9s peut varier selon les marques, la coupe et l\u2019effet esth\u00e9tique recherch\u00e9\u00a0\u00bb.\u00a0<\/p>\n<p class=\" wall-content\">Rappelant que \u00ab\u00a0ces frais sont strictement encadr\u00e9s par le code de d\u00e9ontologie de la Ville de Paris\u00a0\u00bb, celle-ci \u00ab\u00a0condamne fermement ces manipulations qui d\u00e9forment les faits, nuisent au d\u00e9bat d\u00e9mocratique et cherchent \u00e0 porter atteinte \u00e0 l\u2019image et \u00e0 l\u2019honneur de la maire de Paris. La Ville d\u00e9plore les attaques infond\u00e9es visant \u00e0 discr\u00e9diter Anne Hidalgo en diffusant des factures hors contexte et de mani\u00e8re mensong\u00e8re. Il est regrettable que certaines associations, comme Transparence Citoyenne \u2013 financ\u00e9e par le milliardaire Edouard St\u00e9rin \u2013 instrumentalisent ces donn\u00e9es \u00e0 des fins politiques\u00a0\u00bb.<\/p>\n<p class=\" wall-content\">Personnalisez votre actualit\u00e9 en ajoutant vos villes et m\u00e9dias en favori avec <a href=\"https:\/\/moncompte.actu.fr\" title=\"D\u00e9couvez Mon Actu\" rel=\"nofollow noopener\" data-trk=\"{&quot;cta&quot;:{&quot;action&quot;:&quot;https:\\\/\\\/moncompte.actu.fr&quot;,&quot;category&quot;:&quot;mon compte&quot;,&quot;from&quot;:&quot;article footer&quot;,&quot;name&quot;:&quot;Mon actu&quot;,&quot;type&quot;:&quot;cta&quot;}}\" target=\"_blank\">Mon Actu<\/a>.<\/p>\n","protected":false},"excerpt":{"rendered":"Par Thomas Martin Publi\u00e9 le 20 sept. 2025 \u00e0 16h22 Anne Hidalgo r\u00eavait peut-\u00eatre d\u2019une fin de mandat&hellip;\n","protected":false},"author":2,"featured_media":405123,"comment_status":"","ping_status":"","sticky":false,"template":"","format":"standard","meta":{"footnotes":""},"categories":[1888],"tags":[1111,1928,11,1927,2618,1777,674,1011,27,2381,12,1926,626,1925,316,25],"class_list":{"0":"post-405122","1":"post","2":"type-post","3":"status-publish","4":"format-standard","5":"has-post-thumbnail","7":"category-paris","8":"tag-actu","9":"tag-actu-paris","10":"tag-actualites","11":"tag-actualites-paris","12":"tag-anne-hidalgo","13":"tag-eu","14":"tag-europe","15":"tag-fr","16":"tag-france","17":"tag-mairie-de-paris","18":"tag-news","19":"tag-news-paris","20":"tag-paris","21":"tag-paris-news","22":"tag-politique","23":"tag-republique-francaise"},"share_on_mastodon":{"url":"https:\/\/pubeurope.com\/@fr\/115237344038637323","error":""},"_links":{"self":[{"href":"https:\/\/www.europesays.com\/fr\/wp-json\/wp\/v2\/posts\/405122","targetHints":{"allow":["GET"]}}],"collection":[{"href":"https:\/\/www.europesays.com\/fr\/wp-json\/wp\/v2\/posts"}],"about":[{"href":"https:\/\/www.europesays.com\/fr\/wp-json\/wp\/v2\/types\/post"}],"author":[{"embeddable":true,"href":"https:\/\/www.europesays.com\/fr\/wp-json\/wp\/v2\/users\/2"}],"replies":[{"embeddable":true,"href":"https:\/\/www.europesays.com\/fr\/wp-json\/wp\/v2\/comments?post=405122"}],"version-history":[{"count":0,"href":"https:\/\/www.europesays.com\/fr\/wp-json\/wp\/v2\/posts\/405122\/revisions"}],"wp:featuredmedia":[{"embeddable":true,"href":"https:\/\/www.europesays.com\/fr\/wp-json\/wp\/v2\/media\/405123"}],"wp:attachment":[{"href":"https:\/\/www.europesays.com\/fr\/wp-json\/wp\/v2\/media?parent=405122"}],"wp:term":[{"taxonomy":"category","embeddable":true,"href":"https:\/\/www.europesays.com\/fr\/wp-json\/wp\/v2\/categories?post=405122"},{"taxonomy":"post_tag","embeddable":true,"href":"https:\/\/www.europesays.com\/fr\/wp-json\/wp\/v2\/tags?post=405122"}],"curies":[{"name":"wp","href":"https:\/\/api.w.org\/{rel}","templated":true}]}}