{"id":405130,"date":"2025-09-20T15:34:10","date_gmt":"2025-09-20T15:34:10","guid":{"rendered":"https:\/\/www.europesays.com\/fr\/405130\/"},"modified":"2025-09-20T15:34:10","modified_gmt":"2025-09-20T15:34:10","slug":"dans-le-donbass-les-deplaces-internes-sans-toit-et-sans-horizon","status":"publish","type":"post","link":"https:\/\/www.europesays.com\/fr\/405130\/","title":{"rendered":"dans le Donbass, les d\u00e9plac\u00e9s internes sans toit et sans horizon"},"content":{"rendered":"<p><strong>R\u00c9CIT &#8211;<\/strong> De plus en plus d\u2019habitants fuient le Donbass, sans savoir o\u00f9 trouver refuge. Certains sont contraints de retourner vivre pr\u00e8s du front.<\/p>\n<p class=\"fig-paragraph\">Sur une bande de dix kilom\u00e8tres\u00a0<a href=\"http:\/\/www.lefigaro.fr\/international\/la-russie-poursuit-sa-pression-militaire-sur-plusieurs-points-du-front-en-ukraine-20250904\" target=\"_blank\" data-fig-type=\"Article\" rel=\"noopener\" data-gtm-custom-categorie=\"navigation\" data-gtm-custom-action=\"crossclick\" data-gtm-custom-label=\"Contextuel\" data-gtm-event=\"customEventSPE\" data-fig-domain=\"LEFIGARO\">le long de la ligne de front<\/a>, les autorit\u00e9s ukrainiennes ont ordonn\u00e9 une \u00e9vacuation obligatoire. Malgr\u00e9 tout, Halyna Kozoroh, 74 ans, avait choisi de rester dans sa maison de Myrnohrad, pr\u00e8s de Pokrovsk, d\u00e9sormais\u00a0<a href=\"http:\/\/www.lefigaro.fr\/international\/en-ukraine-les-frappes-russes-sont-desormais-plus-meurtrieres-et-ciblent-les-civils-loin-du-front-20250522\" target=\"_blank\" data-fig-type=\"Article\" rel=\"noopener\" data-gtm-custom-categorie=\"navigation\" data-gtm-custom-action=\"crossclick\" data-gtm-custom-label=\"Contextuel\" data-gtm-event=\"customEventSPE\" data-fig-domain=\"LEFIGARO\">presque encercl\u00e9 par les forces russes<\/a>. Depuis septembre 2023, elle vivait sans \u00e9lectricit\u00e9, presque sans r\u00e9seau ni eau courante. Il fallut une bombe planante, tomb\u00e9e en ao\u00fbt dans la cour d\u2019une voisine, soufflant son toit, pour arracher Halyna et son fils de 41 ans, handicap\u00e9, \u00e0 cet enfer.<\/p>\n<p class=\"fig-paragraph\">C\u2019est \u00e0 pied, des sacs attach\u00e9s \u00e0 leurs v\u00e9los, leur labrador en laisse, qu\u2019ils se mirent en route. Durant sept jours,\u00a0<a href=\"http:\/\/www.lefigaro.fr\/conjoncture\/penuries-flambee-des-prix-en-russie-les-bombardements-ukrainiens-provoquent-une-crise-de-l-essence-20250826\" target=\"_blank\" data-fig-type=\"Article\" rel=\"noopener\" data-gtm-custom-categorie=\"navigation\" data-gtm-custom-action=\"crossclick\" data-gtm-custom-label=\"Contextuel\" data-gtm-event=\"customEventSPE\" data-fig-domain=\"LEFIGARO\">sous la menace des bombardements<\/a>, ils parcoururent pr\u00e8s de 26 kilom\u00e8tres, traqu\u00e9s par le bourdonnement des drones. \u00ab La premi\u00e8re nuit, nous avons dormi chez un voisin, puis des inconnus nous ont recueillis le long du chemin, parfois dans des maisons sans fen\u00eatres, confie Halyna. Nous devons la vie \u00e0 la g\u00e9n\u00e9rosit\u00e9 des gens, peut-\u00eatre aussi \u00e0 la gr\u00e2ce\u2026<\/p>\n<p class=\"fig-premium-paywall__infos\">\n        Cet article est r\u00e9serv\u00e9 aux abonn\u00e9s.        Il vous reste 87% \u00e0 d\u00e9couvrir.\n    <\/p>\n<p>                <img  data- alt=\"Le Figaro\" class=\"fig-img--complete fig-img\"\/><\/p>\n<p class=\"fig-premium-paywall__title\">Vous avez envie de lire la suite ?<\/p>\n<p class=\"fig-premium-paywall__subtitle\">D\u00e9bloquez tous les articles imm\u00e9diatement.<\/p>\n<p class=\"fig-premium-paywall__connect\">\n                D\u00e9j\u00e0 abonn\u00e9\u00a0?                <a class=\"fig-premium-paywall__connect-link\" href=\"https:\/\/connect.lefigaro.fr\/login?client=horizon_web&amp;type=main&amp;redirect_uri=https%3A%2F%2Fwww.lefigaro.fr%2Finternational%2Fdans-le-donbass-les-deplaces-internes-sans-toit-et-sans-horizon-20250920\" data-js-gtm=\"{&quot;customCategorie&quot;: &quot;conversion&quot;, &quot;customAction&quot;: &quot;before_Landing_Connexion_paywall_auto&quot;, &quot;customLabel&quot;: &quot;bGVmaWdhcm8uZnJfXzFmMDk1NmRmLWI2YjQtNjZiMi1iYmQ5LTRkMWFkNjg1MGE5MV9fQXJ0aWNsZQ==_Guerre en Ukraine\u00a0: dans le Donbass, les d\u00e9plac\u00e9s internes sans toit et sans horizon_464&quot;, &quot;customIDSPE&quot;: &quot;bGVmaWdhcm8uZnJfXzFmMDk1NmRmLWI2YjQtNjZiMi1iYmQ5LTRkMWFkNjg1MGE5MV9fQXJ0aWNsZQ==&quot;, &quot;event&quot;: &quot;customEventSPE&quot;}\" target=\"_blank\" rel=\"noopener\"><br \/>\n                    Connectez-vous<br \/>\n                <\/a>\n            <\/p>\n","protected":false},"excerpt":{"rendered":"R\u00c9CIT &#8211; De plus en plus d\u2019habitants fuient le Donbass, sans savoir o\u00f9 trouver refuge. Certains sont contraints&hellip;\n","protected":false},"author":2,"featured_media":405131,"comment_status":"","ping_status":"","sticky":false,"template":"","format":"standard","meta":{"footnotes":""},"categories":[1590],"tags":[11,8998,1777,674,131,12,2495,220],"class_list":{"0":"post-405130","1":"post","2":"type-post","3":"status-publish","4":"format-standard","5":"has-post-thumbnail","7":"category-ukraine","8":"tag-actualites","9":"tag-donbass","10":"tag-eu","11":"tag-europe","12":"tag-guerre-en-ukraine","13":"tag-news","14":"tag-refugies","15":"tag-ukraine"},"share_on_mastodon":{"url":"https:\/\/pubeurope.com\/@fr\/115237359915837601","error":""},"_links":{"self":[{"href":"https:\/\/www.europesays.com\/fr\/wp-json\/wp\/v2\/posts\/405130","targetHints":{"allow":["GET"]}}],"collection":[{"href":"https:\/\/www.europesays.com\/fr\/wp-json\/wp\/v2\/posts"}],"about":[{"href":"https:\/\/www.europesays.com\/fr\/wp-json\/wp\/v2\/types\/post"}],"author":[{"embeddable":true,"href":"https:\/\/www.europesays.com\/fr\/wp-json\/wp\/v2\/users\/2"}],"replies":[{"embeddable":true,"href":"https:\/\/www.europesays.com\/fr\/wp-json\/wp\/v2\/comments?post=405130"}],"version-history":[{"count":0,"href":"https:\/\/www.europesays.com\/fr\/wp-json\/wp\/v2\/posts\/405130\/revisions"}],"wp:featuredmedia":[{"embeddable":true,"href":"https:\/\/www.europesays.com\/fr\/wp-json\/wp\/v2\/media\/405131"}],"wp:attachment":[{"href":"https:\/\/www.europesays.com\/fr\/wp-json\/wp\/v2\/media?parent=405130"}],"wp:term":[{"taxonomy":"category","embeddable":true,"href":"https:\/\/www.europesays.com\/fr\/wp-json\/wp\/v2\/categories?post=405130"},{"taxonomy":"post_tag","embeddable":true,"href":"https:\/\/www.europesays.com\/fr\/wp-json\/wp\/v2\/tags?post=405130"}],"curies":[{"name":"wp","href":"https:\/\/api.w.org\/{rel}","templated":true}]}}