{"id":405134,"date":"2025-09-20T15:36:27","date_gmt":"2025-09-20T15:36:27","guid":{"rendered":"https:\/\/www.europesays.com\/fr\/405134\/"},"modified":"2025-09-20T15:36:27","modified_gmt":"2025-09-20T15:36:27","slug":"le-couple-de-britanniques-libere-par-les-talibans-est-arrive-a-londres","status":"publish","type":"post","link":"https:\/\/www.europesays.com\/fr\/405134\/","title":{"rendered":"le couple de Britanniques lib\u00e9r\u00e9 par les talibans est arriv\u00e9 \u00e0 Londres"},"content":{"rendered":"<p>Les deux Britanniques, qui se sont mari\u00e9s \u00e0 Kaboul en 1970, dirigent depuis de longues ann\u00e9es une association qui d\u00e9livre des programmes d\u2019\u00e9ducation aux enfants et aux femmes.<\/p>\n<p class=\"fig-paragraph\">Le couple de Britanniques \u00e2g\u00e9s, lib\u00e9r\u00e9 par les autorit\u00e9s talibanes apr\u00e8s avoir \u00e9t\u00e9 d\u00e9tenu en\u00a0<a href=\"https:\/\/www.lefigaro.fr\/tag\/afghanistan\" target=\"_blank\" rel=\"sponsored noopener\" data-gtm-custom-categorie=\"navigation\" data-gtm-custom-action=\"crossclick\" data-gtm-custom-label=\"Contextuel\" data-gtm-event=\"customEventSPE\">Afghanistan<\/a>\u00a0pendant pr\u00e8s de huit mois, est arriv\u00e9 samedi 20 septembre \u00e0 Londres. Peter Reynolds, 80 ans, et Barbie Reynolds, 76 ans, sont arriv\u00e9s en d\u00e9but d&rsquo;apr\u00e8s-midi \u00e0 l&rsquo;a\u00e9roport de Heathrow, \u00e0 l&rsquo;ouest de Londres, dans un vol commercial en provenance du Qatar, pays m\u00e9diateur dans leur lib\u00e9ration, a constat\u00e9 une journaliste de l&rsquo;AFP.<\/p>\n<p class=\"fig-paragraph\">Barbie Reynolds souriait largement quand le couple a travers\u00e9 le hall des arriv\u00e9es, mais n&rsquo;a pas parl\u00e9 aux journalistes qui attendaient. Le couple \u00e9tait notamment accompagn\u00e9 de sa fille, Sarah Entwistle.<\/p>\n<p>                                    <a class=\"fig-a11y-skip a11y-hidden\" href=\"#fig-a11y-skip-main-inarticle\"><br \/>\n        Passer la publicit\u00e9<br \/>\n    <\/a><\/p>\n<p class=\"fig-paragraph\">La veille, les deux Britanniques avaient pu retrouver des membres de leur famille \u00e0 leur arriv\u00e9e au\u00a0<a href=\"https:\/\/www.lefigaro.fr\/tag\/qatar\" target=\"_blank\" rel=\"sponsored noopener\" data-gtm-custom-categorie=\"navigation\" data-gtm-custom-action=\"crossclick\" data-gtm-custom-label=\"Contextuel\" data-gtm-event=\"customEventSPE\">Qatar<\/a>, pays m\u00e9diateur, apr\u00e8s avoir pu quitter l&rsquo;<a href=\"https:\/\/www.lefigaro.fr\/tag\/afghanistan\" target=\"_blank\" rel=\"sponsored noopener\" data-gtm-custom-categorie=\"navigation\" data-gtm-custom-action=\"crossclick\" data-gtm-custom-label=\"Contextuel\" data-gtm-event=\"customEventSPE\">Afghanistan<\/a>\u00a0plus t\u00f4t dans la journ\u00e9e. Ils y ont subi des examens m\u00e9dicaux, selon un diplomate qatari. Les autorit\u00e9s talibanes ont refus\u00e9 de donner les raisons pour lesquelles le couple a \u00e9t\u00e9 arr\u00eat\u00e9 en f\u00e9vrier alors qu&rsquo;il rentrait chez lui.<\/p>\n<p>La famille \u00absubmerg\u00e9e par la gratitude\u00bb<\/p>\n<p class=\"fig-paragraph\">\u00c0 Doha, ils ont finalement pu serrer dans leurs bras leurs proches, dont leur fille, Sarah Entwistle, qui s&rsquo;est dite \u00absubmerg\u00e9e par la gratitude et le soulagement d&rsquo;avoir retrouv\u00e9\u00bb ses parents. Les quatre enfants du couple ont dans un communiqu\u00e9 affirm\u00e9 \u00eatre \u00ab\u00e9ternellement reconnaissants envers les Qataris\u00bb. Ils ont reconnu que \u00able chemin vers le r\u00e9tablissement sera long avant que (leurs) parents retrouvent la sant\u00e9\u00bb.<\/p>\n<p class=\"fig-paragraph\">Le premier ministre britannique\u00a0<a href=\"https:\/\/www.lefigaro.fr\/tag\/keir-starmer\" target=\"_blank\" rel=\"sponsored noopener\" data-gtm-custom-categorie=\"navigation\" data-gtm-custom-action=\"crossclick\" data-gtm-custom-label=\"Contextuel\" data-gtm-event=\"customEventSPE\">Keir Starmer<\/a>\u00a0a \u00e9galement salu\u00e9 le \u00abr\u00f4le essentiel\u00bb jou\u00e9 par le Qatar et notamment l&rsquo;\u00e9mir Tamim ben Hamad Al-Thani, dans cette lib\u00e9ration. Doha est l&rsquo;interlocuteur privil\u00e9gi\u00e9 entre les talibans revenus au pouvoir en Afghanistan en 2021 et la communaut\u00e9 internationale qui ne les reconna\u00eet pas, \u00e0 l&rsquo;exception de Moscou.<\/p>\n<p class=\"fig-paragraph\">Les deux Britanniques, qui se sont mari\u00e9s \u00e0 Kaboul en 1970, dirigent depuis de longues ann\u00e9es une association qui d\u00e9livre des programmes d&rsquo;\u00e9ducation aux enfants et aux femmes. Les \u00e9poux avaient \u00e9galement acquis la nationalit\u00e9 afghane et les autorit\u00e9s talibanes ne cessaient de r\u00e9p\u00e9ter qu&rsquo;elles les jugeaient au titre de citoyens, sans jamais toutefois annoncer de charges retenues contre le couple.<\/p>\n<p>\u00abCitoyens afghans\u00bb<\/p>\n<p class=\"fig-paragraph\">Passionn\u00e9e par le pays depuis des d\u00e9cennies et y habitant depuis 18 ans, Barbie Reynolds a assur\u00e9 vendredi avoir \u00abh\u00e2te de revenir en Afghanistan si nous le pouvons\u00bb. \u00abNous sommes citoyens afghans\u00bb, a-t-elle encore dit, alors que les enfants du couple n&rsquo;ont cess\u00e9 ces derniers mois d&rsquo;alerter la presse internationale au sujet de leurs parents, s&rsquo;inqui\u00e9tant pour leur vie s&rsquo;ils restaient encore en d\u00e9tention.<\/p>\n<p>                                    <a class=\"fig-a11y-skip a11y-hidden\" href=\"#fig-a11y-skip-main-inarticle_mtf\"><br \/>\n        Passer la publicit\u00e9<br \/>\n    <\/a><\/p>\n<p class=\"fig-paragraph\">C&rsquo;est aussi via Doha que d&rsquo;autres \u00e9trangers ont r\u00e9cemment quitt\u00e9 des cellules afghanes o\u00f9 ils \u00e9taient retenus. Parmi eux, la sino-am\u00e9ricaine Faye Hall, arr\u00eat\u00e9e le 1er f\u00e9vrier dans la province de Bamiyan, \u00e0 l&rsquo;ouest de Kaboul, en compagnie de Peter et Barbie Reynolds, ses amis, et lib\u00e9r\u00e9e fin mars.<\/p>\n<p class=\"fig-paragraph\">Londres avait \u00e9t\u00e9 l&rsquo;une des rares capitales occidentales \u00e0 avoir annonc\u00e9 d\u00e9bloquer plusieurs millions de dollars pour venir en aide \u00e0 l&rsquo;Afghanistan, frapp\u00e9 le 31 ao\u00fbt par un s\u00e9isme de magnitude 6, le plus meurtrier de son histoire r\u00e9cente avec plus de 2.200 morts. Le couple a d&rsquo;abord \u00e9t\u00e9 emprisonn\u00e9 dans un centre de haute s\u00e9curit\u00e9, avant d&rsquo;\u00eatre transf\u00e9r\u00e9 fin juillet \u00e0 Kaboul. Des experts de l&rsquo;ONU ont pu leur rendre visite le 21 juillet et avaient transmis un message vocal du couple \u00e0 leurs enfants.<\/p>\n","protected":false},"excerpt":{"rendered":"Les deux Britanniques, qui se sont mari\u00e9s \u00e0 Kaboul en 1970, dirigent depuis de longues ann\u00e9es une association&hellip;\n","protected":false},"author":2,"featured_media":405135,"comment_status":"","ping_status":"","sticky":false,"template":"","format":"standard","meta":{"footnotes":""},"categories":[1588],"tags":[11,598,1777,674,12,473,1853,1851,1850,1852],"class_list":{"0":"post-405134","1":"post","2":"type-post","3":"status-publish","4":"format-standard","5":"has-post-thumbnail","7":"category-royaume-uni","8":"tag-actualites","9":"tag-afghanistan","10":"tag-eu","11":"tag-europe","12":"tag-news","13":"tag-royaume-uni","14":"tag-royaume-uni-de-grande-bretagne-et-dirlande-du-nord","15":"tag-uk","16":"tag-united-kingdom","17":"tag-united-kingdom-of-great-britain-and-northern-ireland"},"share_on_mastodon":{"url":"https:\/\/pubeurope.com\/@fr\/115237367544085904","error":""},"_links":{"self":[{"href":"https:\/\/www.europesays.com\/fr\/wp-json\/wp\/v2\/posts\/405134","targetHints":{"allow":["GET"]}}],"collection":[{"href":"https:\/\/www.europesays.com\/fr\/wp-json\/wp\/v2\/posts"}],"about":[{"href":"https:\/\/www.europesays.com\/fr\/wp-json\/wp\/v2\/types\/post"}],"author":[{"embeddable":true,"href":"https:\/\/www.europesays.com\/fr\/wp-json\/wp\/v2\/users\/2"}],"replies":[{"embeddable":true,"href":"https:\/\/www.europesays.com\/fr\/wp-json\/wp\/v2\/comments?post=405134"}],"version-history":[{"count":0,"href":"https:\/\/www.europesays.com\/fr\/wp-json\/wp\/v2\/posts\/405134\/revisions"}],"wp:featuredmedia":[{"embeddable":true,"href":"https:\/\/www.europesays.com\/fr\/wp-json\/wp\/v2\/media\/405135"}],"wp:attachment":[{"href":"https:\/\/www.europesays.com\/fr\/wp-json\/wp\/v2\/media?parent=405134"}],"wp:term":[{"taxonomy":"category","embeddable":true,"href":"https:\/\/www.europesays.com\/fr\/wp-json\/wp\/v2\/categories?post=405134"},{"taxonomy":"post_tag","embeddable":true,"href":"https:\/\/www.europesays.com\/fr\/wp-json\/wp\/v2\/tags?post=405134"}],"curies":[{"name":"wp","href":"https:\/\/api.w.org\/{rel}","templated":true}]}}