{"id":405150,"date":"2025-09-20T15:49:25","date_gmt":"2025-09-20T15:49:25","guid":{"rendered":"https:\/\/www.europesays.com\/fr\/405150\/"},"modified":"2025-09-20T15:49:25","modified_gmt":"2025-09-20T15:49:25","slug":"les-premieres-confidences-du-pape","status":"publish","type":"post","link":"https:\/\/www.europesays.com\/fr\/405150\/","title":{"rendered":"les premi\u00e8res confidences du pape"},"content":{"rendered":"<p>            <img decoding=\"async\" alt=\"Le pape L\u00e9on XIV.\" src=\"https:\/\/www.europesays.com\/fr\/wp-content\/uploads\/2025\/09\/breve-pape-fil-afp_766a42y.jpeg\" width=\"375\" height=\"250\" loading=\"lazy\"\/><\/p>\n<p>\n    Le pape L\u00e9on XIV.<\/p>\n<p>                AFP<br \/>\n                                        \/<br \/>\n                                                    \u00a9 Andreas Solaro<\/p>\n<p>L\u2019\u00e9lan missionnaire de la France a touch\u00e9 le pape. Dans son premier entretien, accord\u00e9 au m\u00e9dia am\u00e9ricain\u00a0Crux, le pape a r\u00e9pondu \u00e0 de nombreuses questions, et trouv\u00e9\u00a0\u00ab\u00a0int\u00e9ressant\u00a0\u00bb\u00a0d\u2019observer un si grand nombre de nouveaux baptis\u00e9s en France \u2013 17\u00a0000 en\u00a02025\u00a0\u2013 dans un pays\u00a0\u00ab\u00a0qui a \u00e9t\u00e9 consid\u00e9r\u00e9 comme l\u2019un des plus s\u00e9cularis\u00e9s qui soient\u00a0\u00bb.\u00a0<a href=\"https:\/\/www.lejdd.fr\/Societe\/leon-xiv-un-pape-pour-recoudre-leglise-157925\" target=\"_blank\" rel=\"noopener\">L\u00e9on\u00a0XIV<\/a> a aussi renouvel\u00e9 son soutien \u00e0\u00a0\u00ab\u00a0la famille traditionnelle, le p\u00e8re, la m\u00e8re et les enfants\u00a0\u00bb\u00a0dont\u00a0\u00ab\u00a0le r\u00f4le, qui a parfois souffert ces derni\u00e8res d\u00e9cennies, doit \u00eatre \u00e0 nouveau reconnu et renforc\u00e9\u00a0\u00bb.<\/p>\n<p>    La suite apr\u00e8s cette publicit\u00e9<\/p>\n<p>Parmi ses futurs chantiers, il a \u00e9galement annonc\u00e9 que la discussion avec les catholiques attach\u00e9s au rite tridentin \u2013\u00a0rejet\u00e9 par le pape Fran\u00e7ois\u00a0\u2013 \u00e9tait\u00a0\u00ab\u00a0\u00e0 l\u2019ordre du jour\u00a0\u00bb.\u00a0Il s\u2019est \u00e9galement attard\u00e9 sur le dossier des abus sexuels, jugeant qu\u2019il \u00e9tait\u00a0\u00ab\u00a0tr\u00e8s sain\u00a0\u00bb\u00a0que les victimes parlent. Il a cependant pr\u00e9cis\u00e9 que cette question ne pouvait\u00a0\u00ab\u00a0devenir le centre de l\u2019attention de l\u2019\u00c9glise\u00a0\u00bb, qui doit continuer \u00e0 \u00ab\u00a0annoncer l\u2019\u00e9vangile\u00a0\u00bb.<\/p>\n","protected":false},"excerpt":{"rendered":"Le pape L\u00e9on XIV. AFP \/ \u00a9 Andreas Solaro L\u2019\u00e9lan missionnaire de la France a touch\u00e9 le pape.&hellip;\n","protected":false},"author":2,"featured_media":405151,"comment_status":"","ping_status":"","sticky":false,"template":"","format":"standard","meta":{"footnotes":""},"categories":[1412],"tags":[1451,1452,1453,1454,1455,1011,27,60],"class_list":{"0":"post-405150","1":"post","2":"type-post","3":"status-publish","4":"format-standard","5":"has-post-thumbnail","7":"category-f1","8":"tag-f1","9":"tag-formula-1","10":"tag-formula1","11":"tag-formule-1","12":"tag-formule1","13":"tag-fr","14":"tag-france","15":"tag-sports"},"share_on_mastodon":{"url":"https:\/\/pubeurope.com\/@fr\/115237420001702307","error":""},"_links":{"self":[{"href":"https:\/\/www.europesays.com\/fr\/wp-json\/wp\/v2\/posts\/405150","targetHints":{"allow":["GET"]}}],"collection":[{"href":"https:\/\/www.europesays.com\/fr\/wp-json\/wp\/v2\/posts"}],"about":[{"href":"https:\/\/www.europesays.com\/fr\/wp-json\/wp\/v2\/types\/post"}],"author":[{"embeddable":true,"href":"https:\/\/www.europesays.com\/fr\/wp-json\/wp\/v2\/users\/2"}],"replies":[{"embeddable":true,"href":"https:\/\/www.europesays.com\/fr\/wp-json\/wp\/v2\/comments?post=405150"}],"version-history":[{"count":0,"href":"https:\/\/www.europesays.com\/fr\/wp-json\/wp\/v2\/posts\/405150\/revisions"}],"wp:featuredmedia":[{"embeddable":true,"href":"https:\/\/www.europesays.com\/fr\/wp-json\/wp\/v2\/media\/405151"}],"wp:attachment":[{"href":"https:\/\/www.europesays.com\/fr\/wp-json\/wp\/v2\/media?parent=405150"}],"wp:term":[{"taxonomy":"category","embeddable":true,"href":"https:\/\/www.europesays.com\/fr\/wp-json\/wp\/v2\/categories?post=405150"},{"taxonomy":"post_tag","embeddable":true,"href":"https:\/\/www.europesays.com\/fr\/wp-json\/wp\/v2\/tags?post=405150"}],"curies":[{"name":"wp","href":"https:\/\/api.w.org\/{rel}","templated":true}]}}