{"id":405160,"date":"2025-09-20T15:54:11","date_gmt":"2025-09-20T15:54:11","guid":{"rendered":"https:\/\/www.europesays.com\/fr\/405160\/"},"modified":"2025-09-20T15:54:11","modified_gmt":"2025-09-20T15:54:11","slug":"besancon-envers-et-contre-ma-soeur-laureat-du-prix-jeunesse-livres-dans-la-boucle","status":"publish","type":"post","link":"https:\/\/www.europesays.com\/fr\/405160\/","title":{"rendered":"Besan\u00e7on. Envers et contre ma s\u0153ur laur\u00e9at du prix jeunesse Livres dans la Boucle"},"content":{"rendered":"<p>Nad\u00e8ge Margaux l\u2019emporte devant quatre autres auteurs s\u00e9lectionn\u00e9s par un collectif de libraires, biblioth\u00e9caires et enseignants. Un jury d\u2019enfants de 8 \u00e0 11 ans a \u00e9lu son roman Envers et contre ma s\u0153ur  paru aux \u00e9ditions Didier Jeunesse. L\u2019enjeu du prix \u00e9tant de promouvoir la lecture aupr\u00e8s des jeunes lecteurs.<\/p>\n<p>  Spectacle au conservatoire<\/p>\n<p>Histoire, personnages, univers et plaisir de lecture, ils ont tout not\u00e9.\u00a0La c\u00e9r\u00e9monie de remise du Prix s\u2019est tenue ce samedi\u00a0matin au bistrot R\u00e9gent \u00e0 Besan\u00e7on, en pr\u00e9sence de l\u2019autrice, des enfants et de leurs familles.<\/p>\n<p>Quant \u00e0 l\u2019autrice, elle se voit offrir une collaboration avec le conservatoire du Grand Besan\u00e7on pour cr\u00e9er un spectacle autour de son \u0153uvre. Il sera pr\u00e9sent\u00e9 dans l\u2019\u00e9dition 2026 de Livres dans la Boucle.<\/p>\n<p>D\u2019ailleurs, ce dimanche \u00e0 11\u00a0h, au conservatoire, le laur\u00e9at 2024, <a href=\"https:\/\/www.estrepublicain.fr\/culture-loisirs\/2024\/09\/22\/le-festival-en-bref\" target=\"_blank\" rel=\"noopener\">Charles Mazarguil<\/a> propose un spectacle autour de l\u2019adaptation de son\u00a0roman choisi l\u2019an dernier par un jeune jury et r\u00e9alis\u00e9 en partenariat avec les coll\u00e9giens des Clairs-Soleils.<\/p>\n","protected":false},"excerpt":{"rendered":"Nad\u00e8ge Margaux l\u2019emporte devant quatre autres auteurs s\u00e9lectionn\u00e9s par un collectif de libraires, biblioth\u00e9caires et enseignants. Un jury&hellip;\n","protected":false},"author":2,"featured_media":405161,"comment_status":"","ping_status":"","sticky":false,"template":"","format":"standard","meta":{"footnotes":""},"categories":[1357],"tags":[10112,14382,1379,1687,58,14383,1057,59,1685,1011,27,1380,2410,22383,104],"class_list":{"0":"post-405160","1":"post","2":"type-post","3":"status-publish","4":"format-standard","5":"has-post-thumbnail","7":"category-livres","8":"tag-besancon","9":"tag-besancon-ville-25a","10":"tag-books","11":"tag-culture-loisirs","12":"tag-divertissement","13":"tag-edition-besancon","14":"tag-education","15":"tag-entertainment","16":"tag-foire-et-salon","17":"tag-fr","18":"tag-france","19":"tag-livres","20":"tag-livres-bd","21":"tag-livres-dans-la-boucle","22":"tag-societe"},"share_on_mastodon":{"url":"https:\/\/pubeurope.com\/@fr\/115237438346711130","error":""},"_links":{"self":[{"href":"https:\/\/www.europesays.com\/fr\/wp-json\/wp\/v2\/posts\/405160","targetHints":{"allow":["GET"]}}],"collection":[{"href":"https:\/\/www.europesays.com\/fr\/wp-json\/wp\/v2\/posts"}],"about":[{"href":"https:\/\/www.europesays.com\/fr\/wp-json\/wp\/v2\/types\/post"}],"author":[{"embeddable":true,"href":"https:\/\/www.europesays.com\/fr\/wp-json\/wp\/v2\/users\/2"}],"replies":[{"embeddable":true,"href":"https:\/\/www.europesays.com\/fr\/wp-json\/wp\/v2\/comments?post=405160"}],"version-history":[{"count":0,"href":"https:\/\/www.europesays.com\/fr\/wp-json\/wp\/v2\/posts\/405160\/revisions"}],"wp:featuredmedia":[{"embeddable":true,"href":"https:\/\/www.europesays.com\/fr\/wp-json\/wp\/v2\/media\/405161"}],"wp:attachment":[{"href":"https:\/\/www.europesays.com\/fr\/wp-json\/wp\/v2\/media?parent=405160"}],"wp:term":[{"taxonomy":"category","embeddable":true,"href":"https:\/\/www.europesays.com\/fr\/wp-json\/wp\/v2\/categories?post=405160"},{"taxonomy":"post_tag","embeddable":true,"href":"https:\/\/www.europesays.com\/fr\/wp-json\/wp\/v2\/tags?post=405160"}],"curies":[{"name":"wp","href":"https:\/\/api.w.org\/{rel}","templated":true}]}}