{"id":405162,"date":"2025-09-20T15:55:14","date_gmt":"2025-09-20T15:55:14","guid":{"rendered":"https:\/\/www.europesays.com\/fr\/405162\/"},"modified":"2025-09-20T15:55:14","modified_gmt":"2025-09-20T15:55:14","slug":"geraldine-maillet-dans-le-viseur-dadrien-laurent-jai-hate-de-te-revoir","status":"publish","type":"post","link":"https:\/\/www.europesays.com\/fr\/405162\/","title":{"rendered":"G\u00e9raldine Maillet dans le viseur d&rsquo;Adrien Laurent : \u00ab\u00a0J\u2019ai h\u00e2te de te revoir\u00a0\u00bb"},"content":{"rendered":"<p>      R\u00e9sum\u00e9<\/p>\n<p>AD Laurent, nouveau chroniqueur de Tout beau, tout n9uf, a surpris en exprimant son admiration pour G\u00e9raldine Maillet, suscitant r\u00e9actions et curiosit\u00e9 autour de leur relation.<\/p>\n<p>        Sommaire<\/p>\n<p><strong>C&rsquo;est une recrue inattendue qu&rsquo;a r\u00e9v\u00e9l\u00e9e Cyril Hanouna<\/strong> \u00e0 ses t\u00e9l\u00e9spectateurs cette semaine. Ce mercredi 17 septembre, l&rsquo;influenceur AD Laurent, <a href=\"https:\/\/www.public.fr\/ad-laurent-dans-le-viseur-du-gouvernement-linfluenceur-bientot-interdit-de-reseaux-sociaux\" target=\"_blank\" rel=\"noopener\">sp\u00e9cialis\u00e9 dans les contenus pornographiques<\/a> sur les plateformes d\u00e9di\u00e9es, a fait ses premiers pas dans Tout beau, tout n9uf. Le jeune homme, r\u00e9v\u00e9l\u00e9 par l&rsquo;\u00e9mission Garde \u00e0 vous il y a bient\u00f4t dix ans, a remplac\u00e9 Raymond Aabou, et <strong>s&rsquo;est retrouv\u00e9 assis entre Marl\u00e8ne Schiappa et G\u00e9raldine Maillet<\/strong>.<\/p>\n<p>D&rsquo;entr\u00e9e de jeu, en d\u00e9but d&rsquo;\u00e9mission, alors que Cyril Hanouna pensait qu&rsquo;il allait en pincer pour Polska ou Nawarra, AD Laurent l&rsquo;a surpris en lui r\u00e9v\u00e9lant qu&rsquo;il n&rsquo;avait d&rsquo;yeux que pour <a href=\"https:\/\/vsd.fr\/81001-de-tpmp-aux-tables-de-poker-geraldine-maillet-simpose-dans-un-tournoi-majeur\/\" target=\"_blank\" rel=\"noopener\">G\u00e9raldine Maillet<\/a>. S&rsquo;il n&rsquo;est pas r\u00e9apparu dans TBT9 ces deux derniers jours, le jeune homme a toutefois accord\u00e9 un live Twitch \u00e0 ses fans ce vendredi. Et dans ce dernier, il n&rsquo;est pas pass\u00e9 \u00e0 c\u00f4t\u00e9 de questions sur sa premi\u00e8re comme chroniqueur t\u00e9l\u00e9 !<\/p>\n<p>Sans grande surprise, les t\u00e9l\u00e9spectateurs l&rsquo;ont interrog\u00e9 sur les compliments qu&rsquo;il a faits \u00e0 G\u00e9raldine Maillet. AD Laurent, tr\u00e8s franc, a r\u00e9v\u00e9l\u00e9 que l&rsquo;\u00e9crivaine et r\u00e9alisatrice repr\u00e9sentait tout ce qu&rsquo;il aimait chez la femme&#8230; <strong>La maturit\u00e9, l&rsquo;intelligence et un sourire radieux<\/strong> qui en ferait fondre plus d&rsquo;un !<\/p>\n<p>AD Laurent et G\u00e9raldine, la liaison surprise ?<\/p>\n<p>AD Laurent n&rsquo;a pas h\u00e9sit\u00e9 \u00e0 s&rsquo;adresser \u00e0 G\u00e9raldine Maillet au cours de son live, et lui a fait une d\u00e9claration des plus d\u00e9routantes ! \u00ab\u00a0<strong>G\u00e9raldine Maillet, qu&rsquo;est-ce que tu es sexy<\/strong> ! J&rsquo;\u00e9tais \u00e0 c\u00f4t\u00e9 de toi y a deux jours, tu sens bon\u2026 Je ne sais pas quel \u00e2ge tu as, j&rsquo;ai pas os\u00e9 te demander\u00a0\u00bb a ainsi d\u00e9but\u00e9 le jeune homme.<\/p>\n<p>Avant de poursuivre : \u00ab\u00a0Petit carr\u00e9, belle peau, beau regard, qui sent bon de la bouche\u2026 Tr\u00e8s charismatique, beau corps, belle prestance. <strong>J&rsquo;ai failli te demander ton num\u00e9ro. J&rsquo;ai pas os\u00e9<\/strong>. Tu es ravissante G\u00e9raldine\u00a0\u00bb.<\/p>\n<p>Daniel Riolo ne va pas appr\u00e9cier&#8230;<\/p>\n<p>Plus entreprenant que jamais, AD Laurent n&rsquo;a pas h\u00e9sit\u00e9 \u00e0 proposer \u00e0 G\u00e9raldine Maillet de se<strong> \u00ab\u00a0revoir sur une terrasse parisienne ou dans un restaurant de luxe\u00a0\u00bb<\/strong>. Les internautes, pour la plupart hilares \u00e0 la vue de cette s\u00e9quence, ont toutefois tenu \u00e0 rappeler \u00e0 l&rsquo;influenceur un d\u00e9tail qu&rsquo;il semblait omettre&#8230; <a href=\"https:\/\/www.public.fr\/je-peux-etre-hyper-violent-geraldine-maillet-les-confidences-chocs-de-son-compagnon-daniel-riolo\" target=\"_blank\" rel=\"noopener\">G\u00e9raldine Maillet est effectivement en couple<\/a> <strong>avec le commentateur sportif Daniel Riolo<\/strong> depuis plusieurs ann\u00e9es d\u00e9j\u00e0 ! La quinquag\u00e9naire n&rsquo;est plus un c\u0153ur \u00e0 prendre. Mais qui sait ? Il ne faut jamais dire jamais !<\/p>\n<p>      Mentionn\u00e9s dans cet article<\/p>\n","protected":false},"excerpt":{"rendered":"R\u00e9sum\u00e9 AD Laurent, nouveau chroniqueur de Tout beau, tout n9uf, a surpris en exprimant son admiration pour G\u00e9raldine&hellip;\n","protected":false},"author":2,"featured_media":405163,"comment_status":"","ping_status":"","sticky":false,"template":"","format":"standard","meta":{"footnotes":""},"categories":[1356],"tags":[53663,3721,39104,58,59,1011,27,1474,252,22498,22497,1364,2395],"class_list":{"0":"post-405162","1":"post","2":"type-post","3":"status-publish","4":"format-standard","5":"has-post-thumbnail","7":"category-television","8":"tag-ad-laurent","9":"tag-chroniqueur","10":"tag-daniel-riolo","11":"tag-divertissement","12":"tag-entertainment","13":"tag-fr","14":"tag-france","15":"tag-geraldine-maillet","16":"tag-television","17":"tag-tout-9-tbt9","18":"tag-tout-beau","19":"tag-tv","20":"tag-w9"},"share_on_mastodon":{"url":"https:\/\/pubeurope.com\/@fr\/115237442347473219","error":""},"_links":{"self":[{"href":"https:\/\/www.europesays.com\/fr\/wp-json\/wp\/v2\/posts\/405162","targetHints":{"allow":["GET"]}}],"collection":[{"href":"https:\/\/www.europesays.com\/fr\/wp-json\/wp\/v2\/posts"}],"about":[{"href":"https:\/\/www.europesays.com\/fr\/wp-json\/wp\/v2\/types\/post"}],"author":[{"embeddable":true,"href":"https:\/\/www.europesays.com\/fr\/wp-json\/wp\/v2\/users\/2"}],"replies":[{"embeddable":true,"href":"https:\/\/www.europesays.com\/fr\/wp-json\/wp\/v2\/comments?post=405162"}],"version-history":[{"count":0,"href":"https:\/\/www.europesays.com\/fr\/wp-json\/wp\/v2\/posts\/405162\/revisions"}],"wp:featuredmedia":[{"embeddable":true,"href":"https:\/\/www.europesays.com\/fr\/wp-json\/wp\/v2\/media\/405163"}],"wp:attachment":[{"href":"https:\/\/www.europesays.com\/fr\/wp-json\/wp\/v2\/media?parent=405162"}],"wp:term":[{"taxonomy":"category","embeddable":true,"href":"https:\/\/www.europesays.com\/fr\/wp-json\/wp\/v2\/categories?post=405162"},{"taxonomy":"post_tag","embeddable":true,"href":"https:\/\/www.europesays.com\/fr\/wp-json\/wp\/v2\/tags?post=405162"}],"curies":[{"name":"wp","href":"https:\/\/api.w.org\/{rel}","templated":true}]}}