{"id":405179,"date":"2025-09-20T16:04:11","date_gmt":"2025-09-20T16:04:11","guid":{"rendered":"https:\/\/www.europesays.com\/fr\/405179\/"},"modified":"2025-09-20T16:04:11","modified_gmt":"2025-09-20T16:04:11","slug":"isere-des-os-de-porc-deposes-devant-une-salle-de-priere-musulmane","status":"publish","type":"post","link":"https:\/\/www.europesays.com\/fr\/405179\/","title":{"rendered":"Is\u00e8re. Des os de porc d\u00e9pos\u00e9s devant une salle de pri\u00e8re musulmane"},"content":{"rendered":"<p>L&rsquo;acte n&rsquo;est pas sans rappeler <a href=\"https:\/\/www.ledauphine.com\/faits-divers-justice\/2025\/09\/09\/des-tetes-de-cochon-trouvees-devant-plusieurs-mosquees-au-reveil\" target=\"_blank\" rel=\"noopener\">les \u00e9v\u00e8nements qui ont concern\u00e9 les mosqu\u00e9es en Ile-de-France d\u00e9but septembre<\/a>. Des ossements de porc ont \u00e9t\u00e9 d\u00e9couverts, ce vendredi 19 septembre au matin, pos\u00e9s devant la porte de la salle o\u00f9 les musulmans de Fontaine ont l&rsquo;habitude de prier, rue Marguerite-Tavel, en attendant la fin de la construction de la mosqu\u00e9e, avenue du Vercors.<\/p>\n<p>Le pr\u00e9sident de l&rsquo;association a \u00e9galement signal\u00e9 aux forces de l&rsquo;ordre la pr\u00e9sence d&rsquo;un tag islamophobe sur la fa\u00e7ade.<\/p>\n<p>Une plainte doit \u00eatre d\u00e9pos\u00e9e mais une enqu\u00eate a d&rsquo;ores et d\u00e9j\u00e0 \u00e9t\u00e9 ouverte par les policiers grenoblois.<\/p>\n","protected":false},"excerpt":{"rendered":"L&rsquo;acte n&rsquo;est pas sans rappeler les \u00e9v\u00e8nements qui ont concern\u00e9 les mosqu\u00e9es en Ile-de-France d\u00e9but septembre. Des ossements&hellip;\n","protected":false},"author":2,"featured_media":405180,"comment_status":"","ping_status":"","sticky":false,"template":"","format":"standard","meta":{"footnotes":""},"categories":[4],"tags":[11,112,274,107,9592,1011,27,108,12,25],"class_list":{"0":"post-405179","1":"post","2":"type-post","3":"status-publish","4":"format-standard","5":"has-post-thumbnail","7":"category-france","8":"tag-actualites","9":"tag-edition-grenoble-agglomeration","10":"tag-faits-divers-justice","11":"tag-fil-info","12":"tag-fontaine","13":"tag-fr","14":"tag-france","15":"tag-isere","16":"tag-news","17":"tag-republique-francaise"},"share_on_mastodon":{"url":"https:\/\/pubeurope.com\/@fr\/115237477706914199","error":""},"_links":{"self":[{"href":"https:\/\/www.europesays.com\/fr\/wp-json\/wp\/v2\/posts\/405179","targetHints":{"allow":["GET"]}}],"collection":[{"href":"https:\/\/www.europesays.com\/fr\/wp-json\/wp\/v2\/posts"}],"about":[{"href":"https:\/\/www.europesays.com\/fr\/wp-json\/wp\/v2\/types\/post"}],"author":[{"embeddable":true,"href":"https:\/\/www.europesays.com\/fr\/wp-json\/wp\/v2\/users\/2"}],"replies":[{"embeddable":true,"href":"https:\/\/www.europesays.com\/fr\/wp-json\/wp\/v2\/comments?post=405179"}],"version-history":[{"count":0,"href":"https:\/\/www.europesays.com\/fr\/wp-json\/wp\/v2\/posts\/405179\/revisions"}],"wp:featuredmedia":[{"embeddable":true,"href":"https:\/\/www.europesays.com\/fr\/wp-json\/wp\/v2\/media\/405180"}],"wp:attachment":[{"href":"https:\/\/www.europesays.com\/fr\/wp-json\/wp\/v2\/media?parent=405179"}],"wp:term":[{"taxonomy":"category","embeddable":true,"href":"https:\/\/www.europesays.com\/fr\/wp-json\/wp\/v2\/categories?post=405179"},{"taxonomy":"post_tag","embeddable":true,"href":"https:\/\/www.europesays.com\/fr\/wp-json\/wp\/v2\/tags?post=405179"}],"curies":[{"name":"wp","href":"https:\/\/api.w.org\/{rel}","templated":true}]}}