{"id":405187,"date":"2025-09-20T16:08:26","date_gmt":"2025-09-20T16:08:26","guid":{"rendered":"https:\/\/www.europesays.com\/fr\/405187\/"},"modified":"2025-09-20T16:08:26","modified_gmt":"2025-09-20T16:08:26","slug":"maxeville-repas-partage-au-pied-de-limmeuble-la-balance","status":"publish","type":"post","link":"https:\/\/www.europesays.com\/fr\/405187\/","title":{"rendered":"Max\u00e9ville. Repas partag\u00e9 au pied de l\u2019immeuble \u00ab\u00a0La Balance\u00a0\u00bb"},"content":{"rendered":"<p>Le R\u00e9seau d\u2019\u00c9coute, d\u2019Appui et d\u2019Accompagnement des Parents (REAAP) de Max\u00e9ville a convi\u00e9 les r\u00e9sidents de l\u2019immeuble \u00ab\u00a0La Balance\u00a0\u00bb, rue Gambetta \u00e0 un repas partag\u00e9. Une trentaine de personnes ont particip\u00e9 \u00e0 ce moment convivial. Le repas a \u00e9t\u00e9 pr\u00e9par\u00e9 par des parents et par Server, un adolescent qui ont aid\u00e9 Corinne Pelte (coordinatrice Reaap) \u00e0 concocter salades, sandwichs, et cr\u00eapes.<\/p>\n","protected":false},"excerpt":{"rendered":"Le R\u00e9seau d\u2019\u00c9coute, d\u2019Appui et d\u2019Accompagnement des Parents (REAAP) de Max\u00e9ville a convi\u00e9 les r\u00e9sidents de l\u2019immeuble \u00ab\u00a0La&hellip;\n","protected":false},"author":2,"featured_media":405188,"comment_status":"","ping_status":"","sticky":false,"template":"","format":"standard","meta":{"footnotes":""},"categories":[9635],"tags":[1111,11,1687,1704,1777,674,1011,27,775,10061,10262,1702,12,25],"class_list":{"0":"post-405187","1":"post","2":"type-post","3":"status-publish","4":"format-standard","5":"has-post-thumbnail","7":"category-nancy","8":"tag-actu","9":"tag-actualites","10":"tag-culture-loisirs","11":"tag-edition-nancy-et-agglomeration","12":"tag-eu","13":"tag-europe","14":"tag-fr","15":"tag-france","16":"tag-grand-est","17":"tag-maxeville","18":"tag-metropole-du-grand-nancy-54b5","19":"tag-nancy","20":"tag-news","21":"tag-republique-francaise"},"share_on_mastodon":{"url":"https:\/\/pubeurope.com\/@fr\/115237493404929431","error":""},"_links":{"self":[{"href":"https:\/\/www.europesays.com\/fr\/wp-json\/wp\/v2\/posts\/405187","targetHints":{"allow":["GET"]}}],"collection":[{"href":"https:\/\/www.europesays.com\/fr\/wp-json\/wp\/v2\/posts"}],"about":[{"href":"https:\/\/www.europesays.com\/fr\/wp-json\/wp\/v2\/types\/post"}],"author":[{"embeddable":true,"href":"https:\/\/www.europesays.com\/fr\/wp-json\/wp\/v2\/users\/2"}],"replies":[{"embeddable":true,"href":"https:\/\/www.europesays.com\/fr\/wp-json\/wp\/v2\/comments?post=405187"}],"version-history":[{"count":0,"href":"https:\/\/www.europesays.com\/fr\/wp-json\/wp\/v2\/posts\/405187\/revisions"}],"wp:featuredmedia":[{"embeddable":true,"href":"https:\/\/www.europesays.com\/fr\/wp-json\/wp\/v2\/media\/405188"}],"wp:attachment":[{"href":"https:\/\/www.europesays.com\/fr\/wp-json\/wp\/v2\/media?parent=405187"}],"wp:term":[{"taxonomy":"category","embeddable":true,"href":"https:\/\/www.europesays.com\/fr\/wp-json\/wp\/v2\/categories?post=405187"},{"taxonomy":"post_tag","embeddable":true,"href":"https:\/\/www.europesays.com\/fr\/wp-json\/wp\/v2\/tags?post=405187"}],"curies":[{"name":"wp","href":"https:\/\/api.w.org\/{rel}","templated":true}]}}