{"id":405189,"date":"2025-09-20T16:09:25","date_gmt":"2025-09-20T16:09:25","guid":{"rendered":"https:\/\/www.europesays.com\/fr\/405189\/"},"modified":"2025-09-20T16:09:25","modified_gmt":"2025-09-20T16:09:25","slug":"meurthe-et-moselle-lincroyable-histoire-du-chien-fugueur-isco-qui-a-pris-le-train-pres-de-nancy","status":"publish","type":"post","link":"https:\/\/www.europesays.com\/fr\/405189\/","title":{"rendered":"Meurthe-et-Moselle. L&rsquo;incroyable histoire du chien fugueur Isco qui a pris\u00a0le train pr\u00e8s de Nancy"},"content":{"rendered":"<p>Lundi dernier, le chien Isco, un adorable mais fugueur Jack Russell de 11 ans, a profit\u00e9 d\u2019une porte laiss\u00e9e l\u00e9g\u00e8rement entrouverte le matin par son ma\u00eetre pour s\u2019\u00e9chapper discr\u00e8tement de son domicile.<\/p>\n<p>Au moment o\u00f9 le propri\u00e9taire sortait sa poubelle sur le trottoir, le petit malin a vu une occasion en or\u00a0: \u00ab C\u2019est le moment\u00a0!\u00a0\u00bb semble-t-il s\u2019\u00eatre dit avant de prendre la poudre d\u2019escampette\u2026 direction la gare situ\u00e9e \u00e0 300\u00a0m\u00e8tres du domicile.<\/p>\n<p>Il est mont\u00e9 dans le train avec les voyageurs, direction Champigneulles, \u00e0 10\u00a0km de son domicile\u00a0! <a href=\"https:\/\/www.estrepublicain.fr\/insolite\/2022\/07\/27\/isco-le-jack-russel-a-pris-tout-seul-le-train-pour-nancy\" target=\"_blank\" rel=\"noopener\">C\u2019est sa deuxi\u00e8me fugue et balade en train<\/a>. Pour la premi\u00e8re, il avait d\u00e9cid\u00e9 de descendre en gare de Nancy.<\/p>\n<p>Le chien va au bar<\/p>\n<p>\u00c0 l\u2019arr\u00eat \u00e0 Champigneulles, une fois descendu sur le quai, il s\u2019est tranquillement dirig\u00e9 vers le bar situ\u00e9 \u00e0 proximit\u00e9 de la gare. Pendant ce temps son ma\u00eetre inquiet, apr\u00e8s l\u2019avoir cherch\u00e9 vainement, a d\u00fb s\u2019absenter pour une obligation professionnelle.<\/p>\n<p>Ce n\u2019est qu\u2019apr\u00e8s plusieurs appels sur son portable qu\u2019il a appris la surprenante nouvelle\u00a0: son chien fugueur se trouvait\u2026 au bar. Avant qu\u2019il ne puisse venir le r\u00e9cup\u00e9rer, Isco avait d\u00e9j\u00e0 \u00e9t\u00e9 confi\u00e9 par s\u00e9curit\u00e9 \u00e0 la fourri\u00e8re.<\/p>\n<p>Tout s\u2019est bien termin\u00e9\u00a0: son ma\u00eetre a pu r\u00e9cup\u00e9rer Isco sain et sauf et en pleine forme pour le ramener \u00e0 la maison, mais cette fois en voiture.<\/p>\n","protected":false},"excerpt":{"rendered":"Lundi dernier, le chien Isco, un adorable mais fugueur Jack Russell de 11 ans, a profit\u00e9 d\u2019une porte&hellip;\n","protected":false},"author":2,"featured_media":405190,"comment_status":"","ping_status":"","sticky":false,"template":"","format":"standard","meta":{"footnotes":""},"categories":[9635],"tags":[1111,11,9661,1704,1706,1705,1777,674,1011,27,775,1757,33341,1702,12,25],"class_list":{"0":"post-405189","1":"post","2":"type-post","3":"status-publish","4":"format-standard","5":"has-post-thumbnail","7":"category-nancy","8":"tag-actu","9":"tag-actualites","10":"tag-cc-du-bassin-de-pompey-54b1","11":"tag-edition-nancy-et-agglomeration","12":"tag-edition-pont-a-mousson","13":"tag-edition-toul","14":"tag-eu","15":"tag-europe","16":"tag-fr","17":"tag-france","18":"tag-grand-est","19":"tag-insolite","20":"tag-marbache","21":"tag-nancy","22":"tag-news","23":"tag-republique-francaise"},"share_on_mastodon":{"url":"https:\/\/pubeurope.com\/@fr\/115237497382899927","error":""},"_links":{"self":[{"href":"https:\/\/www.europesays.com\/fr\/wp-json\/wp\/v2\/posts\/405189","targetHints":{"allow":["GET"]}}],"collection":[{"href":"https:\/\/www.europesays.com\/fr\/wp-json\/wp\/v2\/posts"}],"about":[{"href":"https:\/\/www.europesays.com\/fr\/wp-json\/wp\/v2\/types\/post"}],"author":[{"embeddable":true,"href":"https:\/\/www.europesays.com\/fr\/wp-json\/wp\/v2\/users\/2"}],"replies":[{"embeddable":true,"href":"https:\/\/www.europesays.com\/fr\/wp-json\/wp\/v2\/comments?post=405189"}],"version-history":[{"count":0,"href":"https:\/\/www.europesays.com\/fr\/wp-json\/wp\/v2\/posts\/405189\/revisions"}],"wp:featuredmedia":[{"embeddable":true,"href":"https:\/\/www.europesays.com\/fr\/wp-json\/wp\/v2\/media\/405190"}],"wp:attachment":[{"href":"https:\/\/www.europesays.com\/fr\/wp-json\/wp\/v2\/media?parent=405189"}],"wp:term":[{"taxonomy":"category","embeddable":true,"href":"https:\/\/www.europesays.com\/fr\/wp-json\/wp\/v2\/categories?post=405189"},{"taxonomy":"post_tag","embeddable":true,"href":"https:\/\/www.europesays.com\/fr\/wp-json\/wp\/v2\/tags?post=405189"}],"curies":[{"name":"wp","href":"https:\/\/api.w.org\/{rel}","templated":true}]}}