{"id":405198,"date":"2025-09-20T16:14:08","date_gmt":"2025-09-20T16:14:08","guid":{"rendered":"https:\/\/www.europesays.com\/fr\/405198\/"},"modified":"2025-09-20T16:14:08","modified_gmt":"2025-09-20T16:14:08","slug":"quel-bilan-pour-les-nouveaux-hotels-de-rouen-cet-ete-2025","status":"publish","type":"post","link":"https:\/\/www.europesays.com\/fr\/405198\/","title":{"rendered":"quel bilan pour les nouveaux h\u00f4tels de Rouen cet \u00e9t\u00e9 2025\u00a0?"},"content":{"rendered":"<p>            Par<br \/>\n        <strong><br \/>\n            <a href=\"https:\/\/actu.fr\/auteur\/jessie-leclerc\" title=\"Consulter tous les articles de Jessie Leclerc\" rel=\"nofollow noopener\" target=\"_blank\">Jessie Leclerc<\/a><br \/>\n        <\/strong><\/p>\n<p>        Publi\u00e9 le<\/p>\n<p>            20 sept. 2025 \u00e0 17h40        <\/p>\n<p>Est-ce une bonne ou une mauvaise situation que d\u2019ouvrir un h\u00f4tel <a href=\"https:\/\/actu.fr\/normandie\/rouen_76540\" rel=\"nofollow noopener\" target=\"_blank\">sur Rouen (Seine-Maritime)<\/a>\u2009? <strong>L\u2019\u00e9t\u00e9 2025 a \u00e9t\u00e9 une saison test<\/strong> pour les <strong>nouveaux venus de l\u2019h\u00f4tellerie<\/strong>. Quatre \u00e9tablissements sont fra\u00eechement arriv\u00e9s sur le march\u00e9. Le Hyatt, le Grand H\u00f4tel de la Seine, le Novotel et l\u2019Adagio, ont v\u00e9cu leur premier bapt\u00eame du feu. Alors, sont-ils contents de leur implantation dans la Ville aux Cent Clochers\u2009? <strong>Bonne pioche ou pari risqu\u00e9\u2009?<\/strong> Leurs repr\u00e9sentants t\u00e9moignent.<\/p>\n<p>Hyatt : premi\u00e8re saison au-del\u00e0 des attentes<\/p>\n<p class=\" wall-content\">Ouvert fin ao\u00fbt\u00a02024, <a href=\"https:\/\/actu.fr\/normandie\/rouen_76540\/en-images-decouvrez-les-coulisses-du-nouvel-hotel-hyatt-place-rouen_61543073.html\" rel=\"nofollow noopener\" target=\"_blank\">le Hyatt, h\u00f4tel 4 \u00e9toiles<\/a> situ\u00e9 route de Neufch\u00e2tel, a connu son premier \u00e9t\u00e9 cette ann\u00e9e. Et, avec un taux d\u2019occupation de <strong>75 \u00e0 80\u2009% en juillet<\/strong> et <strong>de 80 \u00e0 85\u2009% en ao\u00fbt<\/strong>, il a \u00e9t\u00e9 bon. \u00ab\u2009On a toujours \u00e9t\u00e9 quasiment plein, surtout en ao\u00fbt\u2009\u00bb, avance Fanny, cheffe de r\u00e9ception.<\/p>\n<p class=\" wall-content\">La client\u00e8le, \u00e0 parts \u00e9gales fran\u00e7aise et \u00e9trang\u00e8re, a r\u00e9pondu pr\u00e9sente pour des chambres entre 115 et 135\u00a0euros la nuit, en moyenne. Une performance solide dont se r\u00e9jouit l\u2019h\u00f4tel\u2009: <strong>\u00ab\u2009Les estimations ont m\u00eame \u00e9t\u00e9 d\u00e9pass\u00e9es.\u2009\u00bb<\/strong><\/p>\n<p>Grand H\u00f4tel de la Seine\u2009: une transformation r\u00e9ussie\u2009?<\/p>\n<p class=\" wall-content\">Sur le quai Gaston Boulet, le Grand H\u00f4tel de la Seine, ex-Kyriad, vivait lui aussi sa premi\u00e8re saison. Certes, il ne s\u2019agit pas d\u2019un nouvel \u00e9tablissement en tant que tel, mais tout de m\u00eame d\u2019un nouveau nom, d\u2019une nouvelle entreprise et d\u2019un nouveau fonctionnement.<\/p>\n<p class=\" wall-content\">Apr\u00e8s une ouverture fin 2024, la client\u00e8le tardait \u00e0 se pr\u00e9senter. \u00ab\u2009On a eu peur en d\u00e9but d\u2019ann\u00e9e, \u00e7a a eu du mal \u00e0 se lancer\u2009\u00bb, confie S\u00e9bastien D\u2019Oliveira, adjoint de direction. Mais <strong>l\u2019\u00e9t\u00e9 est venu balayer les<\/strong> <strong>doutes.<\/strong> \u00ab\u2009On a eu un bel encha\u00eenement, un beau temps et des clients nombreux et satisfaits\u2009\u00bb, d\u00e9taille-t-il apr\u00e8s cette saison mieux qu\u2019esp\u00e9r\u00e9e.<\/p>\n<p class=\" wall-content\">En juillet et ao\u00fbt, les 84 chambres ont \u00e9t\u00e9 occup\u00e9es \u00e0 91\u2009%.<strong> 4\u2009489 clients, \u00e0 70\u2009% \u00e9trangers<\/strong>, ont \u00e9t\u00e9 accueillis et environ 7\u2009000 nuit\u00e9es ont \u00e9t\u00e9 enregistr\u00e9es pour un tarif moyen de 110\u00a0euros.<\/p>\n<p>Le duo Novotel et Adagio, un emplacement strat\u00e9gique<\/p>\n<p class=\" wall-content\">Les plus grands groupes aussi se r\u00e9jouissent. Depuis mai\u00a02024, <a href=\"https:\/\/actu.fr\/normandie\/rouen_76540\/exclusif-decouvrez-le-nouvel-hotel-restaurant-dans-l-ancienne-cci-de-rouen_61002609.html\" rel=\"nofollow noopener\" target=\"_blank\">un Novotel et un Adagio appart h\u00f4tel occupent l\u2019ancienne CCI<\/a>, quai de la Bourse. Dirig\u00e9s conjointement, ils b\u00e9n\u00e9ficient d\u2019un emplacement strat\u00e9gique qui s\u00e9duit particuli\u00e8rement. Les chiffres parlent d\u2019eux-m\u00eames\u2009: <strong>87\u2009% d\u2019occupation sur juillet et ao\u00fbt<\/strong> pour le Novotel, avec une nuit\u00e9e autour de 145\u00a0euros, et 80\u2009% pour l\u2019Adagio avec une moyenne de 100\u00a0euros par jour.<\/p>\n<blockquote class=\"ac-article-quote wall-content\">\n<p>Tr\u00e8s, tr\u00e8s bel \u00e9t\u00e9, je suis tr\u00e8s satisfait. Et pour le coup on a vraiment touch\u00e9 les familles, notre c\u0153ur de cible.<\/p>\n<p>    <strong>Lionel Claudic<\/strong><br \/>\n        Directeur g\u00e9n\u00e9ral Novotel et Adagio, Rouen    <\/p><\/blockquote>\n<p>Votre r\u00e9gion, votre actu !<\/p>\n<p>Recevez chaque jour les infos qui comptent pour vous.<\/p>\n<p>\t<a href=\"https:\/\/actu.fr\/newsletter\" class=\"ac-btn ac-btn--corner ac-btn--medium ac-btn--blue800\" rel=\"nofollow noopener\" target=\"_blank\">S&rsquo;incrire<\/a><\/p>\n<p class=\" wall-content\">Dans ces deux \u00e9tablissements, la fr\u00e9quentation a \u00e9t\u00e9 dop\u00e9e par les <strong>grands \u00e9v\u00e9nements<\/strong>\u2009: <a href=\"https:\/\/actu.fr\/normandie\/rouen_76540\/nuitees-retombees-est-ce-que-le-tour-de-france-a-eu-un-impact-pour-les-professionnels-du-tourisme-a-rouen_62948401.html\" rel=\"nofollow noopener\" target=\"_blank\">Le Tour de France<\/a> et le Meeting International d\u2019athl\u00e9tisme de Sotteville-l\u00e8s-Rouen, d\u00e9but juillet. \u00ab\u2009Le Tour de France, \u00e7a a \u00e9t\u00e9 fulgurant, se f\u00e9licite le directeur. Le Jour-J, il nous restait une vingtaine de chambres et toutes sont parties dans la journ\u00e9e\u2009\u00bb.<\/p>\n<p class=\" wall-content\">La piscine a \u00e9galement rencontr\u00e9 un vif succ\u00e8s et le restaurant a trouv\u00e9 son \u00e9quilibre, avec des clients qui privil\u00e9gient le d\u00eener, pour un ticket moyen d\u2019environ 28\u00a0euros.<\/p>\n<p class=\" wall-content\">\u00ab\u2009On se positionne de fa\u00e7on correcte sur le march\u00e9. On a \u00e9t\u00e9 surpris, c\u2019est m\u00eame au-dessus des pr\u00e9visions. On a eu <strong>un gros pic le 15\u00a0ao\u00fbt<\/strong> qui affichait quasiment complet\u2009\u00bb, conclu Lionel Claudic.<\/p>\n<p>D\u2019o\u00f9 viennent les touristes\u2009?<\/p>\n<p class=\" wall-content\">Rouen continue d\u2019attirer <a href=\"https:\/\/actu.fr\/loisirs-culture\/ou-partent-en-vacances-les-rouennais-et-les-havrais-en-cet-ete-2025_62916041.html\" rel=\"nofollow noopener\" target=\"_blank\">des touristes l\u2019\u00e9t\u00e9<\/a> et ces derniers ont \u00e9t\u00e9 nombreux \u00e0 <strong>s\u00e9journer dans les nouveaux h\u00f4tels <\/strong>de la ville ces mois de juillet et d\u2019ao\u00fbt\u00a02025.<\/p>\n<p class=\" wall-content\">Une client\u00e8le principalement internationale. <strong>Les N\u00e9erlandais arrivent en t\u00eate<\/strong>, suivis des Allemands, des Anglais. Selon Lionel Claudic, \u00ab\u2009les pays du nord ressortent pas mal, car Rouen se situe sur la route pour descendre vers la c\u00f4te atlantique. Ils y font une halte avant d\u2019arriver sur leur lieu de vacances, se posent et visitent au passage.\u2009\u00bb<\/p>\n<p class=\" wall-content\">Le Hyatt cite aussi les Am\u00e9ricains et le Grand H\u00f4tel de la Seine insiste sur la pr\u00e9sence des Japonais et des Italiens.<\/p>\n<p>Rouen, un haut lieu du tourisme fran\u00e7ais\u2009?<\/p>\n<p class=\" wall-content\">Cette saison, les clients de ces petits derniers <strong>de l\u2019h\u00f4tellerie rouennaise<\/strong> ont \u00e9t\u00e9 nombreux \u00e0 chercher des lieux \u00e0 visiter dans la ville. \u00ab\u2009Beaucoup ont parl\u00e9 de la Cit\u00e9 Immersive Viking\u2009\u00bb, affirme Lionel Claudic. Mais les incontournables Cath\u00e9drales, places du Vieux-March\u00e9 et historial Jeanne-d\u2019Arc ne sont pas en reste.<\/p>\n<p class=\" wall-content\">Selon lui, \u00ab\u2009la France est un pays encore bien visit\u00e9, on n\u2019a pas de souci \u00e0 se faire. Sur Rouen, <strong>beaucoup de travail<\/strong> est fourni. De belles actions sont men\u00e9es par l\u2019office de tourisme et c\u2019est bien de valoriser notre ville\u2009\u00bb.<\/p>\n<p>Suivez l\u2019actualit\u00e9 de Rouen <a href=\"https:\/\/www.whatsapp.com\/channel\/0029VaKfnf99hXF2ddApFB1D\" rel=\"nofollow noopener\" target=\"_blank\">sur notre cha\u00eene WhatsApp<\/a> et <a href=\"https:\/\/www.tiktok.com\/@76actu.fr?lang=fr\" rel=\"nofollow noopener\" target=\"_blank\">sur notre compte TikTok<\/a><\/p>\n<p class=\" wall-content\">Personnalisez votre actualit\u00e9 en ajoutant vos villes et m\u00e9dias en favori avec <a href=\"https:\/\/moncompte.actu.fr\" title=\"D\u00e9couvez Mon Actu\" rel=\"nofollow noopener\" data-trk=\"{&quot;cta&quot;:{&quot;action&quot;:&quot;https:\\\/\\\/moncompte.actu.fr&quot;,&quot;category&quot;:&quot;mon compte&quot;,&quot;from&quot;:&quot;article footer&quot;,&quot;name&quot;:&quot;Mon actu&quot;,&quot;type&quot;:&quot;cta&quot;}}\" target=\"_blank\">Mon Actu<\/a>.<\/p>\n<p>                    <script async src=\"\/\/www.tiktok.com\/embed.js\"><\/script><\/p>\n","protected":false},"excerpt":{"rendered":"Par Jessie Leclerc Publi\u00e9 le 20 sept. 2025 \u00e0 17h40 Est-ce une bonne ou une mauvaise situation que&hellip;\n","protected":false},"author":2,"featured_media":405199,"comment_status":"","ping_status":"","sticky":false,"template":"","format":"standard","meta":{"footnotes":""},"categories":[9587],"tags":[1111,11,33,1777,674,1011,27,12,5161,25,1340,9590,602,208],"class_list":{"0":"post-405198","1":"post","2":"type-post","3":"status-publish","4":"format-standard","5":"has-post-thumbnail","7":"category-rouen","8":"tag-actu","9":"tag-actualites","10":"tag-economie","11":"tag-eu","12":"tag-europe","13":"tag-fr","14":"tag-france","15":"tag-news","16":"tag-normandie","17":"tag-republique-francaise","18":"tag-restaurant","19":"tag-rouen","20":"tag-tourisme","21":"tag-velo"},"share_on_mastodon":{"url":"https:\/\/pubeurope.com\/@fr\/115237516942753009","error":""},"_links":{"self":[{"href":"https:\/\/www.europesays.com\/fr\/wp-json\/wp\/v2\/posts\/405198","targetHints":{"allow":["GET"]}}],"collection":[{"href":"https:\/\/www.europesays.com\/fr\/wp-json\/wp\/v2\/posts"}],"about":[{"href":"https:\/\/www.europesays.com\/fr\/wp-json\/wp\/v2\/types\/post"}],"author":[{"embeddable":true,"href":"https:\/\/www.europesays.com\/fr\/wp-json\/wp\/v2\/users\/2"}],"replies":[{"embeddable":true,"href":"https:\/\/www.europesays.com\/fr\/wp-json\/wp\/v2\/comments?post=405198"}],"version-history":[{"count":0,"href":"https:\/\/www.europesays.com\/fr\/wp-json\/wp\/v2\/posts\/405198\/revisions"}],"wp:featuredmedia":[{"embeddable":true,"href":"https:\/\/www.europesays.com\/fr\/wp-json\/wp\/v2\/media\/405199"}],"wp:attachment":[{"href":"https:\/\/www.europesays.com\/fr\/wp-json\/wp\/v2\/media?parent=405198"}],"wp:term":[{"taxonomy":"category","embeddable":true,"href":"https:\/\/www.europesays.com\/fr\/wp-json\/wp\/v2\/categories?post=405198"},{"taxonomy":"post_tag","embeddable":true,"href":"https:\/\/www.europesays.com\/fr\/wp-json\/wp\/v2\/tags?post=405198"}],"curies":[{"name":"wp","href":"https:\/\/api.w.org\/{rel}","templated":true}]}}