{"id":405206,"date":"2025-09-20T16:23:12","date_gmt":"2025-09-20T16:23:12","guid":{"rendered":"https:\/\/www.europesays.com\/fr\/405206\/"},"modified":"2025-09-20T16:23:12","modified_gmt":"2025-09-20T16:23:12","slug":"strasbourg-le-street-bouche-festival-nous-regale-une-fois-de-plus-pour-sa-dixieme-annee","status":"publish","type":"post","link":"https:\/\/www.europesays.com\/fr\/405206\/","title":{"rendered":"Strasbourg. Le Street Bouche Festival nous r\u00e9gale une fois de plus pour sa dixi\u00e8me ann\u00e9e"},"content":{"rendered":"<p>19 h ce vendredi soir 19 septembre et la foule est d\u00e9j\u00e0 dense sur le campus de l&rsquo;Esplanade, th\u00e9\u00e2tre de ce festival devenu depuis dix ans un incontournable de la rentr\u00e9e \u00e0 Strasbourg. Qui dit anniversaire dit cadeau, et pour nous satisfaire, <a href=\"https:\/\/www.dna.fr\/culture-loisirs\/2025\/09\/17\/street-bouche-festival-cine-frisson-keen-v-nos-idees-de-sorties-a-strasbourg\" target=\"_blank\" rel=\"noopener\">le Street Bouche<\/a> a organis\u00e9 une \u00e9dition sp\u00e9ciale avec soir\u00e9e d&rsquo;ouverture et concerts endiabl\u00e9s.<\/p>\n<p>Ce contenu est bloqu\u00e9 car vous n&rsquo;avez pas accept\u00e9 les cookies et autres traceurs.<\/p>\n<p>En cliquant sur \u00ab J\u2019accepte \u00bb, les cookies et autres traceurs seront d\u00e9pos\u00e9s et vous pourrez visualiser les contenus  (<a href=\"\" class=\"consentModule_policy\" target=\"_blank\" title=\"Consulter la politique de protection des donn\u00e9es du fournisseur\">plus d&rsquo;informations<\/a>).<\/p>\n<p>En cliquant sur \u00ab J\u2019accepte tous les cookies \u00bb, vous autorisez des d\u00e9p\u00f4ts de cookies et autres traceurs pour le stockage de vos donn\u00e9es sur nos sites et applications \u00e0 des fins de personnalisation et de ciblage publicitaire.<\/p>\n<p class=\"consentModule_secondaryText\">Vous gardez la possibilit\u00e9 de retirer votre consentement \u00e0 tout moment en consultant notre <a href=\"https:\/\/www.dna.fr\/protection-des-donnees\" target=\"_blank\" title=\"Consulter notre politique de protection des donn\u00e9es\" rel=\"noopener\">politique de protection des donn\u00e9es<\/a>. <br \/>&#13;<br \/>\n            <a href=\"https:\/\/www.dna.fr\/culture-loisirs\/2025\/09\/20\/javascript:Didomi.notice.show()\" class=\"consentModule_cmp\" target=\"_blank\" rel=\"noopener\">G\u00e9rer mes choix<\/a>&#13;\n        <\/p>\n<p>&#13;<br \/>\n                        J&rsquo;accepte&#13;<br \/>\n            J&rsquo;accepte tous les cookies&#13;\n        <\/p>\n<p>Cette ann\u00e9e, ce sont pas moins de 25 chefs issus de tous horizons qui sont pr\u00e9sents pour ravir les palais, des becs sucr\u00e9s aux plus courageux. Corn dogs de l&rsquo;enseigne Chingu, knacks de la Knackerie, piment maison de Madagascar de chez Samostras, il y en a pour tous les go\u00fbts. Pour calmer ses papilles, les traditionnels cookies et tartes au fromage blanc c\u00f4toient les cannel\u00e9s au kombawa d&rsquo;Omnino ou les strudels de l&rsquo;allemand Pousche.<\/p>\n<p>Ce contenu est bloqu\u00e9 car vous n&rsquo;avez pas accept\u00e9 les cookies et autres traceurs.<\/p>\n<p>En cliquant sur \u00ab J\u2019accepte \u00bb, les cookies et autres traceurs seront d\u00e9pos\u00e9s et vous pourrez visualiser les contenus  (<a href=\"\" class=\"consentModule_policy\" target=\"_blank\" title=\"Consulter la politique de protection des donn\u00e9es du fournisseur\">plus d&rsquo;informations<\/a>).<\/p>\n<p>En cliquant sur \u00ab J\u2019accepte tous les cookies \u00bb, vous autorisez des d\u00e9p\u00f4ts de cookies et autres traceurs pour le stockage de vos donn\u00e9es sur nos sites et applications \u00e0 des fins de personnalisation et de ciblage publicitaire.<\/p>\n<p class=\"consentModule_secondaryText\">Vous gardez la possibilit\u00e9 de retirer votre consentement \u00e0 tout moment en consultant notre <a href=\"https:\/\/www.dna.fr\/protection-des-donnees\" target=\"_blank\" title=\"Consulter notre politique de protection des donn\u00e9es\" rel=\"noopener\">politique de protection des donn\u00e9es<\/a>. <br \/>&#13;<br \/>\n            <a href=\"https:\/\/www.dna.fr\/culture-loisirs\/2025\/09\/20\/javascript:Didomi.notice.show()\" class=\"consentModule_cmp\" target=\"_blank\" rel=\"noopener\">G\u00e9rer mes choix<\/a>&#13;\n        <\/p>\n<p>&#13;<br \/>\n                        J&rsquo;accepte&#13;<br \/>\n            J&rsquo;accepte tous les cookies&#13;\n        <\/p>\n<p>  Bingo drag et concours piment\u00e9 ce dimanche<\/p>\n<p>Mais Street Bouche, ce n&rsquo;est pas qu&rsquo;une offre culinaire vari\u00e9e, c&rsquo;est aussi un lieu de rencontre et de festivit\u00e9s. Nouveaut\u00e9 cette ann\u00e9e, la pr\u00e9sence de la vinoTek, un container bo\u00eete de nuit \u00e0 r\u00e9sonance dans lequel on peut faire la f\u00eate sur de la house ou encore de la techno en toute intimit\u00e9. Une sc\u00e8ne invite \u00e0 danser, des chiliennes permettent de se poser verre de vin \u00e0 la main avec des amis, des jeux de bois se d\u00e9couvrent en famille toute la journ\u00e9e. Une gaming zone a \u00e9galement \u00e9t\u00e9 install\u00e9e afin de se d\u00e9fier le temps d\u2019une battle sur le jeu vid\u00e9o Overcooked , pour bien rester dans le th\u00e8me de ce festival culinaire. Et pour toutes les g\u00e9n\u00e9rations, une rampe est install\u00e9e et accueille des initiations de skate, roller ou trottinette, avec pr\u00eat du mat\u00e9riel n\u00e9cessaire !<\/p>\n<p>Ce contenu est bloqu\u00e9 car vous n&rsquo;avez pas accept\u00e9 les cookies et autres traceurs.<\/p>\n<p>En cliquant sur \u00ab J\u2019accepte \u00bb, les cookies et autres traceurs seront d\u00e9pos\u00e9s et vous pourrez visualiser les contenus  (<a href=\"\" class=\"consentModule_policy\" target=\"_blank\" title=\"Consulter la politique de protection des donn\u00e9es du fournisseur\">plus d&rsquo;informations<\/a>).<\/p>\n<p>En cliquant sur \u00ab J\u2019accepte tous les cookies \u00bb, vous autorisez des d\u00e9p\u00f4ts de cookies et autres traceurs pour le stockage de vos donn\u00e9es sur nos sites et applications \u00e0 des fins de personnalisation et de ciblage publicitaire.<\/p>\n<p class=\"consentModule_secondaryText\">Vous gardez la possibilit\u00e9 de retirer votre consentement \u00e0 tout moment en consultant notre <a href=\"https:\/\/www.dna.fr\/protection-des-donnees\" target=\"_blank\" title=\"Consulter notre politique de protection des donn\u00e9es\" rel=\"noopener\">politique de protection des donn\u00e9es<\/a>. <br \/>&#13;<br \/>\n            <a href=\"https:\/\/www.dna.fr\/culture-loisirs\/2025\/09\/20\/javascript:Didomi.notice.show()\" class=\"consentModule_cmp\" target=\"_blank\" rel=\"noopener\">G\u00e9rer mes choix<\/a>&#13;\n        <\/p>\n<p>&#13;<br \/>\n                        J&rsquo;accepte&#13;<br \/>\n            J&rsquo;accepte tous les cookies&#13;\n        <\/p>\n<p>Le Street Bouche Festival se poursuit ce dimanche de 11h \u00e0 23 h sur le parvis de la facult\u00e9 de droit \u00e0 l\u2019Esplanade. Au programme de la journ\u00e9e, ne ratez pas le Bingo drag by les Tantines ainsi que le tr\u00e8s attendu concours de sauce piquante, aussi impressionnant \u00e0 faire qu&rsquo;\u00e0 regarder&#8230;<\/p>\n","protected":false},"excerpt":{"rendered":"19 h ce vendredi soir 19 septembre et la foule est d\u00e9j\u00e0 dense sur le campus de l&rsquo;Esplanade,&hellip;\n","protected":false},"author":2,"featured_media":405207,"comment_status":"","ping_status":"","sticky":false,"template":"","format":"standard","meta":{"footnotes":""},"categories":[2820],"tags":[1111,11,1687,2880,1777,674,3326,107,1685,1011,27,775,12,4043,25,953,640,2879],"class_list":{"0":"post-405206","1":"post","2":"type-post","3":"status-publish","4":"format-standard","5":"has-post-thumbnail","7":"category-strasbourg","8":"tag-actu","9":"tag-actualites","10":"tag-culture-loisirs","11":"tag-edition-strasbourg","12":"tag-eu","13":"tag-europe","14":"tag-fete-locale","15":"tag-fil-info","16":"tag-foire-et-salon","17":"tag-fr","18":"tag-france","19":"tag-grand-est","20":"tag-news","21":"tag-repas-et-the-dansant","22":"tag-republique-francaise","23":"tag-soiree","24":"tag-strasbourg","25":"tag-strasbourg-ville"},"share_on_mastodon":{"url":"https:\/\/pubeurope.com\/@fr\/115237552356006344","error":""},"_links":{"self":[{"href":"https:\/\/www.europesays.com\/fr\/wp-json\/wp\/v2\/posts\/405206","targetHints":{"allow":["GET"]}}],"collection":[{"href":"https:\/\/www.europesays.com\/fr\/wp-json\/wp\/v2\/posts"}],"about":[{"href":"https:\/\/www.europesays.com\/fr\/wp-json\/wp\/v2\/types\/post"}],"author":[{"embeddable":true,"href":"https:\/\/www.europesays.com\/fr\/wp-json\/wp\/v2\/users\/2"}],"replies":[{"embeddable":true,"href":"https:\/\/www.europesays.com\/fr\/wp-json\/wp\/v2\/comments?post=405206"}],"version-history":[{"count":0,"href":"https:\/\/www.europesays.com\/fr\/wp-json\/wp\/v2\/posts\/405206\/revisions"}],"wp:featuredmedia":[{"embeddable":true,"href":"https:\/\/www.europesays.com\/fr\/wp-json\/wp\/v2\/media\/405207"}],"wp:attachment":[{"href":"https:\/\/www.europesays.com\/fr\/wp-json\/wp\/v2\/media?parent=405206"}],"wp:term":[{"taxonomy":"category","embeddable":true,"href":"https:\/\/www.europesays.com\/fr\/wp-json\/wp\/v2\/categories?post=405206"},{"taxonomy":"post_tag","embeddable":true,"href":"https:\/\/www.europesays.com\/fr\/wp-json\/wp\/v2\/tags?post=405206"}],"curies":[{"name":"wp","href":"https:\/\/api.w.org\/{rel}","templated":true}]}}