{"id":405210,"date":"2025-09-20T16:25:12","date_gmt":"2025-09-20T16:25:12","guid":{"rendered":"https:\/\/www.europesays.com\/fr\/405210\/"},"modified":"2025-09-20T16:25:12","modified_gmt":"2025-09-20T16:25:12","slug":"attentat-du-14-juillet-2016-a-nice-les-chroniques-du-proces-de-thierry-vimal-pere-endeuille-adaptees-au-theatre","status":"publish","type":"post","link":"https:\/\/www.europesays.com\/fr\/405210\/","title":{"rendered":"Attentat du 14 juillet 2016 \u00e0 Nice: les chroniques du proc\u00e8s de Thierry Vimal, p\u00e8re endeuill\u00e9, adapt\u00e9es au th\u00e9\u00e2tre"},"content":{"rendered":"<p>Thierry Vimal avait \u00e9crit ses chroniques \u00ab\u00a0\u00c7a passe cr\u00e8me\u00a0\u00bb comme un exutoire. Et pour que \u00e7a existe. \u00ab\u00a0Chronique obsc\u00e8ne, r\u00e9volt\u00e9e, po\u00e9tique, (et tristement la seule) du proc\u00e8s de l\u2019attentat du 14 juillet 2016 \u00e0 Nice\u00a0\u00bb, pr\u00e9venait-il sur le blog.<\/p>\n<p>450 pages au vitriol, lucides, trash et crues, o\u00f9 ce p\u00e8re endeuill\u00e9 n\u2019\u00e9pargne personne, ou presque, \u00e9gratignant \u00e0 tout-va, dans une paradoxale bienveillance. <strong>L\u2019\u00e9crivain dressait ainsi un tableau sur-r\u00e9aliste et alternatif du premier proc\u00e8s<\/strong> \u2013 de septembre \u00e0 d\u00e9cembre 2022 \u2013 de l\u2019attaque terroriste qui a fait 86 morts. <strong>Dont sa fille Amie<\/strong>, 12 ans. La souffrance dans le (sou) rire. Et vice et versa.<\/p>\n<p><strong>Dix ans apr\u00e8s le drame<\/strong><\/p>\n<p>Dix ans apr\u00e8s le drame, le papa auteur \u00e9crit une nouvelle vie \u00e0 ses chroniques. Elle se fera sur les planches. \u00ab\u00a0C\u2019est un ami com\u00e9dien, Erwan Quesnel, qui m\u2019a souffl\u00e9 l\u2019id\u00e9e: adapter \u00e7a passe cr\u00e8me au th\u00e9\u00e2tre\u00a0\u00bb, sourit Thierry Vimal. \u00c0 ses c\u00f4t\u00e9s, son partner in crime: le com\u00e9dien et metteur en sc\u00e8ne engag\u00e9 Jonathan Gensburger, emball\u00e9 comme un gosse par le projet. \u00ab\u00a0Sur les 450 pages, on en a gard\u00e9 28. On a \u00e9limin\u00e9 tout ce qui \u00e9tait mon histoire personnelle\u00a0\u00bb, lance Thierry Vimal. Il fallait conserver un \u00e9quilibre, rendre le texte accessible \u00e0 ceux qui n\u2019ont pas assist\u00e9 au proc\u00e8s. \u00ab\u00a0\u00c7a reste chronologique\u00a0\u00bb, ajoute-t-il.<\/p>\n<p>Il ne jouera pas son propre r\u00f4le. \u00ab\u00a0Je n\u2019ai pas le talent, je ne veux pas tirer le truc vers le bas. \u00c7a me ferait chier en tant qu\u2019auteur d\u2019\u00eatre nul en tant qu\u2019acteur\u00a0\u00bb, rigole-t-il.<\/p>\n<blockquote>\n<p><strong>\u00ab\u00a0C\u2019est un th\u00e9\u00e2tre qui dit des choses\u00a0\u00bb<\/strong><\/p>\n<\/blockquote>\n<p>\u00ab\u00a0Je connaissais son histoire bien s\u00fbr&#8230; On ne s\u2019est rencontr\u00e9s qu\u2019il y a peu, mais je crois que l\u2019on s\u2019entend tr\u00e8s bien. J\u2019ai tout de suite lu 19 tonnes [1], j\u2019ai \u00e9t\u00e9 saisi par sa plume. Je suis terriblement excit\u00e9 par ce projet\u00a0\u00bb, r\u00e9torque Jonathan Gensburger \u00e0 qui Thierry Vimal a confi\u00e9 la mise en sc\u00e8ne de son monologue. \u00ab\u00a0La pi\u00e8ce ne s\u2019appellera pas \u00e7a passe cr\u00e8me mais Prom_14\u00a0\u00bb, disent-ils en ch\u0153ur. Un peu comme V13&#8230; le nom de code du proc\u00e8s des attentats de Paris perp\u00e9tr\u00e9s en 2013. \u00ab\u00a0C\u2019est le th\u00e9\u00e2tre que j\u2019ai envie de faire, un th\u00e9\u00e2tre politique, pas de la soupe ti\u00e8de, un th\u00e9\u00e2tre qui dit des choses\u00a0\u00bb, argumente le com\u00e9dien ni\u00e7ois. Pour lui, \u00ab\u00a0l\u2019\u0153uvre de Thierry est d\u2019utilit\u00e9 ici, mais elle a aussi valeur universelle: on parle barbarie, humanit\u00e9, souffrance. En fait, on parle de la vie\u00a0\u00bb.<\/p>\n<p><strong>\u00c0 La Semeuse en juin 2026<\/strong><\/p>\n<p>Et \u00e7a y est, les deux artistes ont trouv\u00e9 le th\u00e9\u00e2tre qui accueillera Prom_14. Ce sera \u00e0 La Semeuse les 25 et 26 juin 2026. Juste avant l\u2019anniversaire des 10 ans de l\u2019attentat. Une autre forme d\u2019hommage. Et d\u2019esp\u00e9rer que la pi\u00e8ce vive apr\u00e8s, ailleurs, longtemps. \u00ab\u00a0Elle a vocation \u00e0 voyager, \u00e0 tourner\u00a0\u00bb, chuchote Thierry Vimal.<\/p>\n<p>Alors bien s\u00fbr, pendant une heure et 15 minutes environ, il sera question \u00ab\u00a0de ce qui s\u2019est pass\u00e9\u00a0\u00bb ce soir-l\u00e0. Le spectateur se prendra l\u2019horreur en pleine face. L\u2019horreur de ces quelques minutes entre 22h32 et 22h50. La course folle et sanglante d\u2019un camion blanc, conduit par le terroriste, qui s\u00e8me la mort sur la promenade des Anglais. Mais ce ne sera pas seulement \u00e7a. \u00ab\u00a0Thierry est un auteur qui sait mieux que personne manier l\u2019humour et l\u2019ironie\u00a0\u00bb, d\u00e9crypte le metteur en sc\u00e8ne. \u00a0\u00bb Il y aura l\u2019insupportable, puis tr\u00e8s vite \u00e7a redeviendra supportable\u00a0\u00bb, conclut l\u2019auteur.<\/p>\n<p>1. Le livre de Thierry Vimal.<\/p>\n","protected":false},"excerpt":{"rendered":"Thierry Vimal avait \u00e9crit ses chroniques \u00ab\u00a0\u00c7a passe cr\u00e8me\u00a0\u00bb comme un exutoire. Et pour que \u00e7a existe. \u00ab\u00a0Chronique&hellip;\n","protected":false},"author":2,"featured_media":405211,"comment_status":"","ping_status":"","sticky":false,"template":"","format":"standard","meta":{"footnotes":""},"categories":[2819],"tags":[1111,11,251,1777,674,1011,27,12,2401,882,25,3366],"class_list":{"0":"post-405210","1":"post","2":"type-post","3":"status-publish","4":"format-standard","5":"has-post-thumbnail","7":"category-nice","8":"tag-actu","9":"tag-actualites","10":"tag-culture","11":"tag-eu","12":"tag-europe","13":"tag-fr","14":"tag-france","15":"tag-news","16":"tag-nice","17":"tag-provence-alpes-cote-dazur","18":"tag-republique-francaise","19":"tag-vie-locale"},"share_on_mastodon":{"url":"https:\/\/pubeurope.com\/@fr\/115237560234250744","error":""},"_links":{"self":[{"href":"https:\/\/www.europesays.com\/fr\/wp-json\/wp\/v2\/posts\/405210","targetHints":{"allow":["GET"]}}],"collection":[{"href":"https:\/\/www.europesays.com\/fr\/wp-json\/wp\/v2\/posts"}],"about":[{"href":"https:\/\/www.europesays.com\/fr\/wp-json\/wp\/v2\/types\/post"}],"author":[{"embeddable":true,"href":"https:\/\/www.europesays.com\/fr\/wp-json\/wp\/v2\/users\/2"}],"replies":[{"embeddable":true,"href":"https:\/\/www.europesays.com\/fr\/wp-json\/wp\/v2\/comments?post=405210"}],"version-history":[{"count":0,"href":"https:\/\/www.europesays.com\/fr\/wp-json\/wp\/v2\/posts\/405210\/revisions"}],"wp:featuredmedia":[{"embeddable":true,"href":"https:\/\/www.europesays.com\/fr\/wp-json\/wp\/v2\/media\/405211"}],"wp:attachment":[{"href":"https:\/\/www.europesays.com\/fr\/wp-json\/wp\/v2\/media?parent=405210"}],"wp:term":[{"taxonomy":"category","embeddable":true,"href":"https:\/\/www.europesays.com\/fr\/wp-json\/wp\/v2\/categories?post=405210"},{"taxonomy":"post_tag","embeddable":true,"href":"https:\/\/www.europesays.com\/fr\/wp-json\/wp\/v2\/tags?post=405210"}],"curies":[{"name":"wp","href":"https:\/\/api.w.org\/{rel}","templated":true}]}}