{"id":405226,"date":"2025-09-20T16:33:14","date_gmt":"2025-09-20T16:33:14","guid":{"rendered":"https:\/\/www.europesays.com\/fr\/405226\/"},"modified":"2025-09-20T16:33:14","modified_gmt":"2025-09-20T16:33:14","slug":"vieux-lille-decouvrez-innerskin-tout-nouveau-centre-de-medecine-esthetique-et-ses-soins-innovants","status":"publish","type":"post","link":"https:\/\/www.europesays.com\/fr\/405226\/","title":{"rendered":"Vieux-Lille. D\u00e9couvrez Innerskin, tout nouveau centre de m\u00e9decine esth\u00e9tique, et ses soins innovants"},"content":{"rendered":"<p>            Par<br \/>\n        <strong><br \/>\n            <a href=\"https:\/\/actu.fr\/auteur\/margot-nicodeme\" title=\"Consulter tous les articles de Margot Nicod\u00e8me\" target=\"_blank\" rel=\"noopener\">Margot Nicod\u00e8me<\/a><br \/>\n        <\/strong><\/p>\n<p>        Publi\u00e9 le<\/p>\n<p>            20 sept. 2025 \u00e0 18h04        <\/p>\n<p>Entre modernit\u00e9 et int\u00e9rieur douillet, <b>un tout nouveau centre d\u2019esth\u00e9tique m\u00e9dicale <\/b>a ouvert en plein Vieux-<a href=\"https:\/\/actu.fr\/hauts-de-france\/lille_59350\" target=\"_blank\" rel=\"noopener\">Lille<\/a> (Nord), le jeudi 18 septembre 2025. <b>Innerskin<\/b> fait d\u00e9j\u00e0 des \u00e9mules \u00e0 Paris, Marseille, Saint-Tropez, Nice, Cannes\u2026 Et son large panel de soins, garantissant <b>une cure de jouvence<\/b>, s\u2019offre d\u00e9sormais aux Lilloises et Lillois au 10, rue des Chats Bossus. Diagnostic pouss\u00e9 de la peau via une intelligence artificielle, soin phare boostant le renouvellement cellulaire, s\u00e9ance de LED, microneedling\u2026 Les prestations sont plurielles et r\u00e9pondent \u00e0 des besoins sp\u00e9cifiques, \u00e9valu\u00e9s par une \u00e9quipe de professionnels. Visite.\u00a0<\/p>\n<p>Un tout nouveau centre d\u2019esth\u00e9tique m\u00e9dicale a ouvert dans le Vieux-Lille : d\u00e9couvrez Innerskin<\/p>\n<p class=\" wall-content\">Pour accueillir des soins haut de gamme, il fallait n\u00e9cessairement <b>un cadre d\u2019exception<\/b> : ce qui frappe en premier, \u00e0 l\u2019adresse tr\u00e8s centrale d\u2019Innerskin \u00e0 Lille, c\u2019est le d\u00e9cor tr\u00e8s soign\u00e9. L\u2019ambiance y est \u00e9pur\u00e9e, comme dans tous les centres du r\u00e9seau de France, et relaxante. Un imposant escalier en pierre m\u00e8ne aux salles de soins dispos\u00e9es sur deux \u00e9tages, mais avant toute chose, les clients sont accueillis avec une infusion d\u00e9tox et une \u00ab\u00a0bouch\u00e9e de cacao aux probiotiques\u00a0\u00bb.\u00a0<\/p>\n<p class=\" wall-content\">L\u2019innovation est au c\u0153ur de la carte de soins, \u00e0 commencer par le bilan visage \u00ab\u00a0Visia7\u00a0\u00bb, \u00e9labor\u00e9 gr\u00e2ce \u00e0 une IA. On place son visage devant une machine, qui, par le biais de trois photographies, \u00e9tudie pr\u00e9cis\u00e9ment le type de peau. Tout est pass\u00e9 en revue :<b> les pores, les rides, les taches brunes, les zones rouges, les porphyrines<\/b> (comprenez l\u2019activit\u00e9 bact\u00e9rienne de la peau)\u2026 Le but \u00e9tant de cibler les r\u00e9els besoins de chaque personne.<\/p>\n<p class=\" wall-content\">Des produits de beaut\u00e9 de la marque Innerskin peuvent faire l\u2019objet de recommandations sur-mesure, pour \u00ab\u00a0un protocole personnalis\u00e9\u00a0\u00bb, mais le soin incontournable, c\u2019est <b>l\u2019hydrafacial<\/b>.<\/p>\n<p>    <img   decoding=\"async\" loading=\"lazy\" class=\"size-large\" src=\"https:\/\/www.europesays.com\/fr\/wp-content\/uploads\/2025\/09\/9a0886682dc869e0886682dc862188v-960x640.jpg\" alt=\"La prestation phare, c'est l'hydrafacial : un m\u00e9lange d'exfoliation, d'hydratation... pour un coup d'\u00e9clat instantan\u00e9.\" width=\"960\" height=\"640\"\/><br \/>\n    La prestation phare, c\u2019est l\u2019hydrafacial : un m\u00e9lange d\u2019exfoliation, d\u2019hydratation\u2026 pour un coup d\u2019\u00e9clat instantan\u00e9. \u00a9Margot Nicod\u00e8meL\u2019hydrafacial, le soin incontournable qui donne un \u00ab\u00a0coup d\u2019\u00e9clat\u00a0\u00bb instantan\u00e9<\/p>\n<p class=\" wall-content\">Faustine, membre de l\u2019\u00e9quipe, indique qu\u2019il apporte \u00ab\u00a0un coup d\u2019\u00e9clat\u00a0\u00bb instantan\u00e9, et donne l\u2019impression visible d\u2019une peau en meilleure sant\u00e9. D\u2019une dur\u00e9e de 30 minutes, il se compose de plusieurs \u00e9tapes, allant <b>du nettoyage \u00e0 l\u2019hydratation<\/b> en passant par <b>l\u2019exfoliation<\/b>, qui visent \u00e0 \u00e9liminer les impuret\u00e9s superficielles du visage.\u00a0<\/p>\n<p>    <img   decoding=\"async\" loading=\"lazy\" class=\"size-large\" src=\"https:\/\/www.europesays.com\/fr\/wp-content\/uploads\/2025\/09\/f2daec392dc8647daec392dc85bdaev-960x640.jpg\" alt=\"Des centres Innerskin sont d\u00e9j\u00e0 pr\u00e9sents partout en France : Nice, Cannes, Toulouse, Saint-Tropez, Marseille, en r\u00e9gion parisienne...\" width=\"960\" height=\"640\"\/><br \/>\n    Des centres Innerskin sont d\u00e9j\u00e0 pr\u00e9sents partout en France : Nice, Cannes, Toulouse, Saint-Tropez, Marseille, en r\u00e9gion parisienne\u2026 \u00a9Margot Nicod\u00e8me<\/p>\n<p>Votre r\u00e9gion, votre actu !<\/p>\n<p>Recevez chaque jour les infos qui comptent pour vous.<\/p>\n<p>\t<a href=\"https:\/\/actu.fr\/newsletter\" class=\"ac-btn ac-btn--corner ac-btn--medium ac-btn--blue800\" target=\"_blank\" rel=\"noopener\">S&rsquo;incrire<\/a><\/p>\n<p class=\" wall-content\">Premi\u00e8re \u00e9tape, le peeling, \u00ab\u00a0pour ouvrir les portes\u00a0\u00bb, pr\u00e9cise Faustine. Puis vient, par un syst\u00e8me d\u2019aspiration tout \u00e0 fait supportable, l\u2019extraction sur la zone T, pour \u00ab\u00a0retirer les com\u00e9dons et points noirs\u00a0\u00bb. Suivent une hydratation en profondeur et la luminoth\u00e9rapie, un masque de LED \u00e0 conserver 10 minutes. Il est conseill\u00e9 de le faire une fois par mois, c\u2019est le temps que prend le renouvellement des cellules.\u00a0<\/p>\n<p class=\" wall-content\">Une offre d\u2019ouverture est valable cet automne : le diagnostic de peau Visia7 est offert, et le soin hydrafacial, avec la s\u00e9ance de LED, est propos\u00e9 \u00e0 180 \u20ac (au lieu de 330 \u20ac en temps normal). \u00c0 noter que le centre propose \u00e9galement l\u2019\u00e9pilation laser et le microneedling. Tous les soins sont \u00e0 retrouver sur <a href=\"https:\/\/www.innerskin.com\/\" target=\"_blank\" rel=\"noopener\">le site d\u2019Innerskin<\/a>.\u00a0<\/p>\n<p class=\" wall-content\">Personnalisez votre actualit\u00e9 en ajoutant vos villes et m\u00e9dias en favori avec <a href=\"https:\/\/moncompte.actu.fr\" title=\"D\u00e9couvez Mon Actu\" rel=\"nofollow noopener\" data-trk=\"{&quot;cta&quot;:{&quot;action&quot;:&quot;https:\\\/\\\/moncompte.actu.fr&quot;,&quot;category&quot;:&quot;mon compte&quot;,&quot;from&quot;:&quot;article footer&quot;,&quot;name&quot;:&quot;Mon actu&quot;,&quot;type&quot;:&quot;cta&quot;}}\" target=\"_blank\">Mon Actu<\/a>.<\/p>\n","protected":false},"excerpt":{"rendered":"Par Margot Nicod\u00e8me Publi\u00e9 le 20 sept. 2025 \u00e0 18h04 Entre modernit\u00e9 et int\u00e9rieur douillet, un tout nouveau&hellip;\n","protected":false},"author":2,"featured_media":405227,"comment_status":"","ping_status":"","sticky":false,"template":"","format":"standard","meta":{"footnotes":""},"categories":[2815],"tags":[1111,11,4983,33,1777,674,1011,27,811,1307,12,3147,25],"class_list":{"0":"post-405226","1":"post","2":"type-post","3":"status-publish","4":"format-standard","5":"has-post-thumbnail","7":"category-lille","8":"tag-actu","9":"tag-actualites","10":"tag-bien-etre","11":"tag-economie","12":"tag-eu","13":"tag-europe","14":"tag-fr","15":"tag-france","16":"tag-hauts-de-france","17":"tag-lille","18":"tag-news","19":"tag-nouveaux-commerces","20":"tag-republique-francaise"},"share_on_mastodon":{"url":"https:\/\/pubeurope.com\/@fr\/115237591865960829","error":""},"_links":{"self":[{"href":"https:\/\/www.europesays.com\/fr\/wp-json\/wp\/v2\/posts\/405226","targetHints":{"allow":["GET"]}}],"collection":[{"href":"https:\/\/www.europesays.com\/fr\/wp-json\/wp\/v2\/posts"}],"about":[{"href":"https:\/\/www.europesays.com\/fr\/wp-json\/wp\/v2\/types\/post"}],"author":[{"embeddable":true,"href":"https:\/\/www.europesays.com\/fr\/wp-json\/wp\/v2\/users\/2"}],"replies":[{"embeddable":true,"href":"https:\/\/www.europesays.com\/fr\/wp-json\/wp\/v2\/comments?post=405226"}],"version-history":[{"count":0,"href":"https:\/\/www.europesays.com\/fr\/wp-json\/wp\/v2\/posts\/405226\/revisions"}],"wp:featuredmedia":[{"embeddable":true,"href":"https:\/\/www.europesays.com\/fr\/wp-json\/wp\/v2\/media\/405227"}],"wp:attachment":[{"href":"https:\/\/www.europesays.com\/fr\/wp-json\/wp\/v2\/media?parent=405226"}],"wp:term":[{"taxonomy":"category","embeddable":true,"href":"https:\/\/www.europesays.com\/fr\/wp-json\/wp\/v2\/categories?post=405226"},{"taxonomy":"post_tag","embeddable":true,"href":"https:\/\/www.europesays.com\/fr\/wp-json\/wp\/v2\/tags?post=405226"}],"curies":[{"name":"wp","href":"https:\/\/api.w.org\/{rel}","templated":true}]}}