{"id":405230,"date":"2025-09-20T16:35:11","date_gmt":"2025-09-20T16:35:11","guid":{"rendered":"https:\/\/www.europesays.com\/fr\/405230\/"},"modified":"2025-09-20T16:35:11","modified_gmt":"2025-09-20T16:35:11","slug":"avec-benoit-payan-le-printemps-marseillais-repart-au-combat","status":"publish","type":"post","link":"https:\/\/www.europesays.com\/fr\/405230\/","title":{"rendered":"Avec Beno\u00eet Payan, le Printemps marseillais repart au combat"},"content":{"rendered":"<p>Les militants entass\u00e9s qui d\u00e9bordent sur le trottoir, la retransmission dans une deuxi\u00e8me salle qu\u2019il faut mettre en place au dernier moment, les chaises suppl\u00e9mentaires qu\u2019on porte \u00e0 bout de bras. Et Beno\u00eet Payan qui arrive sous les applaudissements pour cl\u00f4turer une matin\u00e9e de r\u00e9flexion autour des th\u00e8mes de l\u2019\u00e9ducation, de la solidarit\u00e9 et de l\u2019\u00e9cologie.<\/p>\n<p>Le Printemps marseillais faisait sa rentr\u00e9e ce samedi 20\u00a0septembre \u00e0 la Maison arm\u00e9nienne de la jeunesse et de la culture aux R\u00e9form\u00e9s (1er), dans l\u2019all\u00e9gresse et le gentil bazar des d\u00e9buts de <a href=\"https:\/\/www.laprovence.com\/elections\/municipales\" target=\"_blank\" rel=\"nofollow noopener\">campagne \u00e9lectorale<\/a>.<\/p>\n<p><a href=\"https:\/\/www.laprovence.com\/article\/politique\/3096758331152114\/municipales-2026-a-marseille-martine-vassal-precipite-son-entree-en-campagne\" target=\"_blank\" rel=\"nofollow noopener\">Une semaine apr\u00e8s la d\u00e9claration de candidature de Martine Vassal <\/a>(DVD) et ses salves r\u00e9p\u00e9t\u00e9es contre le \u00ab\u00a0maire non \u00e9lu\u00a0\u00bb, l\u2019applaudim\u00e8tre ne faisait gu\u00e8re de doute sur le leadership de l\u2019ancien socialiste. Quand bien m\u00eame il n\u2019avait pas conduit la liste en\u00a02020, celle qui a repris la Ville \u00e0 la droite au pouvoir depuis\u00a01995.<\/p>\n<p>\u00ab\u00a0<a href=\"https:\/\/www.laprovence.com\/article\/politique\/22288322404871\/rubirola-payan-les-coulisses-du-switch-lhistoire-secrete-des-municipales-de-2020-a-marseille\" target=\"_blank\" rel=\"nofollow noopener\">Mich\u00e8le Rubirola arrive<\/a>, elle avait quelque chose \u00e0 faire. Ne commencez pas \u00e0 vous faire des id\u00e9es\u00a0\u00bb, glissait-on malicieusement dans l\u2019entourage. Pour la photo finale, c\u2019est l\u2019image du collectif uni pr\u00eat \u00e0 redescendre dans l\u2019ar\u00e8ne \u00e9lectorale qui est montr\u00e9e. \u00ab\u00a0On nous a dit trop jeunes, trop vieux, tr&#8230;<\/p>\n","protected":false},"excerpt":{"rendered":"Les militants entass\u00e9s qui d\u00e9bordent sur le trottoir, la retransmission dans une deuxi\u00e8me salle qu\u2019il faut mettre en&hellip;\n","protected":false},"author":2,"featured_media":405231,"comment_status":"","ping_status":"","sticky":false,"template":"","format":"standard","meta":{"footnotes":""},"categories":[2814],"tags":[17,1111,11,3396,16980,5432,1777,674,1011,27,761,884,12,19988,4767,882,16,4114,25],"class_list":{"0":"post-405230","1":"post","2":"type-post","3":"status-publish","4":"format-standard","5":"has-post-thumbnail","7":"category-marseille","8":"tag-17","9":"tag-actu","10":"tag-actualites","11":"tag-avec","12":"tag-benoit","13":"tag-combat","14":"tag-eu","15":"tag-europe","16":"tag-fr","17":"tag-france","18":"tag-marseillais","19":"tag-marseille","20":"tag-news","21":"tag-payan","22":"tag-printemps","23":"tag-provence-alpes-cote-dazur","24":"tag-region","25":"tag-repart","26":"tag-republique-francaise"},"share_on_mastodon":{"url":"https:\/\/pubeurope.com\/@fr\/115237599682479784","error":""},"_links":{"self":[{"href":"https:\/\/www.europesays.com\/fr\/wp-json\/wp\/v2\/posts\/405230","targetHints":{"allow":["GET"]}}],"collection":[{"href":"https:\/\/www.europesays.com\/fr\/wp-json\/wp\/v2\/posts"}],"about":[{"href":"https:\/\/www.europesays.com\/fr\/wp-json\/wp\/v2\/types\/post"}],"author":[{"embeddable":true,"href":"https:\/\/www.europesays.com\/fr\/wp-json\/wp\/v2\/users\/2"}],"replies":[{"embeddable":true,"href":"https:\/\/www.europesays.com\/fr\/wp-json\/wp\/v2\/comments?post=405230"}],"version-history":[{"count":0,"href":"https:\/\/www.europesays.com\/fr\/wp-json\/wp\/v2\/posts\/405230\/revisions"}],"wp:featuredmedia":[{"embeddable":true,"href":"https:\/\/www.europesays.com\/fr\/wp-json\/wp\/v2\/media\/405231"}],"wp:attachment":[{"href":"https:\/\/www.europesays.com\/fr\/wp-json\/wp\/v2\/media?parent=405230"}],"wp:term":[{"taxonomy":"category","embeddable":true,"href":"https:\/\/www.europesays.com\/fr\/wp-json\/wp\/v2\/categories?post=405230"},{"taxonomy":"post_tag","embeddable":true,"href":"https:\/\/www.europesays.com\/fr\/wp-json\/wp\/v2\/tags?post=405230"}],"curies":[{"name":"wp","href":"https:\/\/api.w.org\/{rel}","templated":true}]}}