{"id":405234,"date":"2025-09-20T16:37:13","date_gmt":"2025-09-20T16:37:13","guid":{"rendered":"https:\/\/www.europesays.com\/fr\/405234\/"},"modified":"2025-09-20T16:37:13","modified_gmt":"2025-09-20T16:37:13","slug":"biclou-le-spectacle-qui-vous-donnera-envie-de-faire-du-velo","status":"publish","type":"post","link":"https:\/\/www.europesays.com\/fr\/405234\/","title":{"rendered":"Biclou : le spectacle qui vous donnera envie de faire du v\u00e9lo"},"content":{"rendered":"<p>Th\u00e9\u00e2tre et v\u00e9lo, deux passions r\u00e9unies dans un m\u00eame spectacle : Biclou. Sign\u00e9 par le metteur en sc\u00e8ne lyonnais Nicolas Ramond, il est jou\u00e9 en plein air au th\u00e9\u00e2tre des C\u00e9lestins les 20 et 21 septembre 2025. Mais d\u2019autres dates suivront si vous avez rat\u00e9 le coche\u2026<\/p>\n<p>Nicolas RAMOND est un metteur en sc\u00e8ne lyonnais un peu exceptionnel. Il est le fondateur de la <strong>compagnie Les Transformateurs<\/strong>, dont il est aujourd\u2019hui le directeur artistique. <strong>Nicolas Ramond<\/strong> con\u00e7oit, \u00e9crit et met en sc\u00e8ne des <strong>spectacles<\/strong> aussi bien pour la salle que pour l\u2019espace public, dans les murs et hors les murs. \u00ab J\u2019ai <strong>deux passions <\/strong>dans la vie : <strong>le th\u00e9\u00e2tre et le v\u00e9lo<\/strong>. \u00bb Une \u00e9vidence donc de m\u00ealer ces deux univers et de cr\u00e9er un spectacle autour de ses passions. Ce qui a donn\u00e9 naissance \u00e0 Biclou.<\/p>\n<p>Ecoutez le podcast<\/p>\n<p>spectacle Biclou<\/p>\n<p>\u00ab <strong>Biclou<\/strong> est n\u00e9 dans ma t\u00eate pendant le Covid \u00bb<strong>,<\/strong> explique-t-il. Avec l\u2019aide de plusieurs collaborateurs, la pi\u00e8ce a ensuite vu le jour. En parall\u00e8le de ses propres cr\u00e9ations,<strong> Nicolas RAMOND<\/strong> collabore avec d\u2019autres <strong>\u00e9quipes artistiques<\/strong> ou <strong>institutions<\/strong> telles que l\u2019<strong>Orchestre National de Lyon<\/strong>, <strong>Les Percussions Claviers de Lyon<\/strong>, <strong>La Grande Fabrique<\/strong> et bien d\u2019autres encore.<\/p>\n<p>Regardez aussi : <a href=\"https:\/\/www.lyondemain.fr\/tendance-velo-cargo-lyon\/\" target=\"_blank\" rel=\"noreferrer noopener\">La tendance v\u00e9lo cargo a le vent en poupe\u2026 surtout \u00e0 Lyon<\/a><\/p>\n<blockquote class=\"instagram-media\" data-instgrm-captioned=\"\" data-instgrm-permalink=\"https:\/\/www.instagram.com\/p\/DLm6GOlNcQ4\/?utm_source=ig_embed&amp;utm_campaign=loading\" data-instgrm-version=\"14\" style=\" background:#FFF; border:0; border-radius:3px; box-shadow:0 0 1px 0 rgba(0,0,0,0.5),0 1px 10px 0 rgba(0,0,0,0.15); margin: 1px; max-width:540px; min-width:326px; padding:0; width:99.375%; width:-webkit-calc(100% - 2px); width:calc(100% - 2px);\"\/>\n<p>Ouvrir le th\u00e9\u00e2tre \u00e0 tous les publics<\/p>\n<p>Ces exp\u00e9riences enrichissent ses connaissances dans de nombreux domaines. Et ouvrent \u00e9galement les portes du <strong>th\u00e9\u00e2tre<\/strong> \u00e0 des publics peu familiers de cet art.<\/p>\n<p>Le <strong>spectacle Biclou<\/strong> sera jou\u00e9 en plein air \u00e0 Lyon, au <strong>th\u00e9\u00e2tre des C\u00e9lestins<\/strong>, les 20 et 21 septembre 2025. Une belle occasion pour le public de d\u00e9couvrir en famille une <strong>pi\u00e8ce atypique<\/strong>, construite autour d\u2019un objet universel : le<strong> v\u00e9lo<\/strong> !<\/p>\n<p>\u00ab\u00a0Moi je voyage en <strong>v\u00e9lo<\/strong>. Souvent seul\u2026 Parce que \u00e7a me permet vraiment de faire le vide. Il y a un truc dans le fait de p\u00e9daler tout seul dans la nature. Bivouaquer et parler \u00e0 personne pendant 1, 2, 3 ou 4 jours. Etre en autonomie compl\u00e8te est quelque chose qui me pla\u00eet beaucoup. C\u2019est une mani\u00e8re de me ressourcer. Le <strong>v\u00e9lo<\/strong>, c\u2019est aussi une machine \u00e0 remonter le temps\u2026 En p\u00e9dalant, tu laisses aller ta pens\u00e9e. Tu es <strong>au contact de la nature<\/strong>, du monde ext\u00e9rieur. Et en m\u00eame temps, tu te d\u00e9places \u00e0 l\u2019int\u00e9rieur. C\u2019est quelque chose qui, moi, me fait \u00e9norm\u00e9ment de bien. Le <strong>v\u00e9lo<\/strong>, c\u2019est un <strong>mode de d\u00e9placement<\/strong> qui est assez incroyable. \u00c7a existe depuis tr\u00e8s longtemps et \u00e7a revient aujourd\u2019hui. C\u2019est assez incroyable comme machine. Deux roues, un cadre, une cha\u00eene et un p\u00e9dalier\u00a0\u00bb. explique <strong>Nicolas Ramond<\/strong> avec passion.<\/p>\n<p>Ecoutez aussi : <a href=\"https:\/\/veloradio.fr\/un-velo-pour-tous-lyon-ateliers-audace\/\" target=\"_blank\" rel=\"noreferrer noopener\">Un v\u00e9lo pour tous ! le d\u00e9fi des Ateliers de l\u2019Audace<\/a><\/p>\n<blockquote class=\"instagram-media\" data-instgrm-captioned=\"\" data-instgrm-permalink=\"https:\/\/www.instagram.com\/p\/DLUfhNGNc1n\/?utm_source=ig_embed&amp;utm_campaign=loading\" data-instgrm-version=\"14\" style=\" background:#FFF; border:0; border-radius:3px; box-shadow:0 0 1px 0 rgba(0,0,0,0.5),0 1px 10px 0 rgba(0,0,0,0.15); margin: 1px; max-width:540px; min-width:326px; padding:0; width:99.375%; width:-webkit-calc(100% - 2px); width:calc(100% - 2px);\"\/>\n<p>Des accessoires de sc\u00e8ne con\u00e7us et fabriqu\u00e9s \u00e0 Lyon<\/p>\n<p>Le spectacle s\u2019appuie sur un <strong>com\u00e9dien<\/strong>, <strong>trois v\u00e9los<\/strong> et des <strong>remorques<\/strong>.<\/p>\n<p>\u00ab\u00a0j\u2019ai commenc\u00e9 par trouver le com\u00e9dien. Un gar\u00e7on qui s\u2019appelle <strong>Pierre-Jean Etienne<\/strong>\u2026 un tr\u00e8s bon com\u00e9dien. C\u2019est un cycliste et il a un physique int\u00e9ressant, assez grand. Un physique un peu \u00e0 la <strong>Jacques Tati<\/strong>. Donc il y a un c\u00f4t\u00e9 <strong>clown<\/strong>. Il a fallu aussi se poser la question de la <strong>sc\u00e9nographie<\/strong>, avec ces <strong>remorques<\/strong>. Et ces <strong>v\u00e9los<\/strong>. Tr\u00e8s vite,on a trouv\u00e9 un <strong>constructeur de v\u00e9los<\/strong> qui a une entreprise \u00e0 Lyon, \u00e0 c\u00f4t\u00e9 de la Maison de la Danse. C\u2019est <strong>Epsilon<\/strong>. un <strong>atelier v\u00e9lo<\/strong>. Quentin, il fabrique les<strong> cadres de v\u00e9los<\/strong> et il fabrique des <strong>v\u00e9los remorques<\/strong>. Donc, on lui a command\u00e9<strong> trois v\u00e9los<\/strong>. Et apr\u00e8s, on a rencontr\u00e9 aussi un autre constructeur pour fabriquer les <strong>remorques<\/strong>. <strong>Laurent Gauthier<\/strong> a fabriqu\u00e9 les <strong>remorques<\/strong>. On a vraiment voulu travailler avec des artisans locaux, circuit court, et faire travailler des gens du coin\u00a0\u00bb.<\/p>\n<blockquote class=\"instagram-media\" data-instgrm-captioned=\"\" data-instgrm-permalink=\"https:\/\/www.instagram.com\/p\/DKwr8Lct5Et\/?utm_source=ig_embed&amp;utm_campaign=loading\" data-instgrm-version=\"14\" style=\" background:#FFF; border:0; border-radius:3px; box-shadow:0 0 1px 0 rgba(0,0,0,0.5),0 1px 10px 0 rgba(0,0,0,0.15); margin: 1px; max-width:540px; min-width:326px; padding:0; width:99.375%; width:-webkit-calc(100% - 2px); width:calc(100% - 2px);\"\/>\n<p>Le <strong>spectacle Biclou<\/strong> a \u00e9t\u00e9 cr\u00e9\u00e9 pour <strong>\u00eatre jou\u00e9 en plein air<\/strong>. \u00ab\u00a0On a souhait\u00e9 d\u00e8s le d\u00e9part, \u00eatre le plus autonome possible. Pouvoir jouer n\u2019importe o\u00f9, \u00e0 partir du moment o\u00f9 on nous donne une surface de 8m par 8m. Un endroit o\u00f9 on puisse poser nos <strong>remorques<\/strong>, la toile de cirque qui est au sol, et le<strong> pied d\u2019atelier<\/strong>. Une prise \u00e9lectrique, et on joue. Apr\u00e8s, si les conditions m\u00e9t\u00e9o sont mauvaises, on peut se mettre sous une halle ou sur le plateau d\u2019un th\u00e9\u00e2tre. Mais au d\u00e9part, c\u2019est vraiment la volont\u00e9 de <strong>jouer sur la place publique<\/strong>, dans les quartiers, au plus pr\u00e8s des gens\u00a0\u00bb s\u2019enthousiasme <strong>Nicolas Ramond<\/strong>.<\/p>\n<p>Ecoutez aussi : <a href=\"https:\/\/www.lyondemain.fr\/epsilon-bikes-velo-made-in-france-sur-mesure\/\" target=\"_blank\" rel=\"noreferrer noopener\">Epsilon Bikes : v\u00e9los sur mesure made in France<\/a><\/p>\n<p><img fetchpriority=\"high\" decoding=\"async\" width=\"1200\" height=\"675\" src=\"https:\/\/www.europesays.com\/fr\/wp-content\/uploads\/2025\/09\/Biclou.jpg\" alt=\"Biclou\" class=\"wp-image-251563\"  \/><br \/>\nJ\u2019aime \u00e7a\u00a0:<\/p>\n<p>J\u2019aime chargement\u2026<\/p>\n<p><a class=\"sd-link-color\"\/><\/p>\n<p>\n\tArticles similaires\n<\/p>\n<p>\t\t\t\t<img decoding=\"async\" src=\"https:\/\/www.europesays.com\/fr\/wp-content\/uploads\/2025\/09\/1758386233_566_7866158698e17e8ed633c05e8f8e7fe5d9e057ad78661c4dc34e413abb6b9f19\" alt=\"G\u00e9rald Bouchon\"\/><\/p>\n<p>Pionnier des radios libres, passionn\u00e9 de radio, journaliste et dirigeant de m\u00e9dias \u00e9co-responsables..<\/p>\n<p>\t\t\t<script async src=\"\/\/www.instagram.com\/embed.js\"><\/script><\/p>\n","protected":false},"excerpt":{"rendered":"Th\u00e9\u00e2tre et v\u00e9lo, deux passions r\u00e9unies dans un m\u00eame spectacle : Biclou. Sign\u00e9 par le metteur en sc\u00e8ne&hellip;\n","protected":false},"author":2,"featured_media":405235,"comment_status":"","ping_status":"","sticky":false,"template":"","format":"standard","meta":{"footnotes":""},"categories":[1889],"tags":[1111,11,2430,53666,53667,1777,674,1011,27,53668,2428,53669,12,53670,53671,28978,25,3140,1347,42189,208],"class_list":{"0":"post-405234","1":"post","2":"type-post","3":"status-publish","4":"format-standard","5":"has-post-thumbnail","7":"category-lyon","8":"tag-actu","9":"tag-actualites","10":"tag-auvergne-rhone-alpes","11":"tag-biclou","12":"tag-epsilon-bike","13":"tag-eu","14":"tag-europe","15":"tag-fr","16":"tag-france","17":"tag-laurent-gauthier","18":"tag-lyon","19":"tag-mouton-cycles","20":"tag-news","21":"tag-nicolas-ramond","22":"tag-pierre-jean-etienne","23":"tag-remorque","24":"tag-republique-francaise","25":"tag-spectacle","26":"tag-theatre","27":"tag-theatre-de-rue","28":"tag-velo"},"share_on_mastodon":{"url":"https:\/\/pubeurope.com\/@fr\/115237607569445502","error":""},"_links":{"self":[{"href":"https:\/\/www.europesays.com\/fr\/wp-json\/wp\/v2\/posts\/405234","targetHints":{"allow":["GET"]}}],"collection":[{"href":"https:\/\/www.europesays.com\/fr\/wp-json\/wp\/v2\/posts"}],"about":[{"href":"https:\/\/www.europesays.com\/fr\/wp-json\/wp\/v2\/types\/post"}],"author":[{"embeddable":true,"href":"https:\/\/www.europesays.com\/fr\/wp-json\/wp\/v2\/users\/2"}],"replies":[{"embeddable":true,"href":"https:\/\/www.europesays.com\/fr\/wp-json\/wp\/v2\/comments?post=405234"}],"version-history":[{"count":0,"href":"https:\/\/www.europesays.com\/fr\/wp-json\/wp\/v2\/posts\/405234\/revisions"}],"wp:featuredmedia":[{"embeddable":true,"href":"https:\/\/www.europesays.com\/fr\/wp-json\/wp\/v2\/media\/405235"}],"wp:attachment":[{"href":"https:\/\/www.europesays.com\/fr\/wp-json\/wp\/v2\/media?parent=405234"}],"wp:term":[{"taxonomy":"category","embeddable":true,"href":"https:\/\/www.europesays.com\/fr\/wp-json\/wp\/v2\/categories?post=405234"},{"taxonomy":"post_tag","embeddable":true,"href":"https:\/\/www.europesays.com\/fr\/wp-json\/wp\/v2\/tags?post=405234"}],"curies":[{"name":"wp","href":"https:\/\/api.w.org\/{rel}","templated":true}]}}