{"id":405236,"date":"2025-09-20T16:38:17","date_gmt":"2025-09-20T16:38:17","guid":{"rendered":"https:\/\/www.europesays.com\/fr\/405236\/"},"modified":"2025-09-20T16:38:17","modified_gmt":"2025-09-20T16:38:17","slug":"salon-automobile-lyon-2025-infos-pratiques-nouveautes-premieres-europeennes-et-mondiales","status":"publish","type":"post","link":"https:\/\/www.europesays.com\/fr\/405236\/","title":{"rendered":"Salon Automobile Lyon 2025 : Infos pratiques, nouveaut\u00e9s, premi\u00e8res europ\u00e9ennes et mondiales"},"content":{"rendered":"<p class=\"has-medium-font-size\"><strong>Le Salon Automobile de Lyon 2025 s\u2019annonce comme un rendez-vous incontournable pour tous les passionn\u00e9s et curieux d\u2019automobile. Du mercredi 24 au dimanche 28 septembre, Eurexpo Lyon accueillera 55 marques, dont plusieurs exposent pour la premi\u00e8re fois. Cette \u00e9dition promet un programme riche, avec deux premi\u00e8res mondiales et de nombreuses avant-premi\u00e8res europ\u00e9ennes et fran\u00e7aises.<\/strong><\/p>\n<p>Parmi les stars du salon, Lyon va frapper fort avec la pr\u00e9sentation de la <strong>Ferrari Amalfi<\/strong>, jamais d\u00e9voil\u00e9e au public. Cette r\u00e9v\u00e9lation t\u00e9moigne de la confiance que la marque italienne accorde au Salon de Lyon. Autre hypercar tr\u00e8s attendue : <strong>l\u2019Aspark Owl Roadster<\/strong>, premi\u00e8re \u00e9lectrique japonaise \u00e0 promettre des performances exceptionnelles. Ces deux avant-premi\u00e8res mondiales positionnent Lyon comme un lieu privil\u00e9gi\u00e9 pour les constructeurs les plus prestigieux.<\/p>\n<p>L\u2019Europe en avant-premi\u00e8re \u00e0 Lyon<\/p>\n<p>Comme les \u00e9ditions pr\u00e9c\u00e9dentes, Stellantis mise sur Lyon pour pr\u00e9senter plusieurs mod\u00e8les en avant-premi\u00e8re europ\u00e9enne. Les visiteurs d\u00e9couvriront notamment le Citro\u00ebn C5 Aircross, le retour de DS N\u00b08 sur le segment des berlines de luxe, ainsi que la DS N\u00b04 restyl\u00e9e. Lancia y d\u00e9voile sa nouvelle Ypsilon HF Line, tandis que Peugeot mettra en lumi\u00e8re la tr\u00e8s attendue E-208 GTI et la 308 restyl\u00e9e.<br \/>Pour Nissan, Lyon est l\u2019occasion de pr\u00e9senter la nouvelle Micra et la Leaf nouvelle g\u00e9n\u00e9ration, deux mod\u00e8les cl\u00e9s pour l\u2019avenir de la marque sur le march\u00e9 europ\u00e9en. Aston Martin offrira \u00e9galement aux visiteurs un aper\u00e7u de ses mod\u00e8les phares, avec le DBX S et la spectaculaire Vanquish Volante.<\/p>\n<p><img loading=\"lazy\" decoding=\"async\" width=\"1280\" height=\"804\" src=\"https:\/\/www.europesays.com\/fr\/wp-content\/uploads\/2025\/09\/peugeot-e-208-gti-2026.jpg\" alt=\"\" class=\"wp-image-18628\"  \/><strong>La Peugeot e-208 GTi sera \u00e0 l\u2019honneur<\/strong> <strong>sur le stand de marque au Lion<\/strong><\/p>\n<p>De nombreuses avant-premi\u00e8res fran\u00e7aises<\/p>\n<p>Le groupe Renault se d\u00e9marque avec le SUV sportif et \u00e9lectrique Alpine A390 et le Dacia Bigster, un SUV familial ambitieux dans le segment C. Audi, BMW, Mercedes et Volkswagen profitent \u00e9galement de Lyon pour d\u00e9voiler des mod\u00e8les phares : la nouvelle Audi Q3, le BMW iX3, la Mercedes CLA et le Classe G Moncler, ainsi que le nouveau T-Roc et une version camoufl\u00e9e de l\u2019ID. Polo \u00e9lectrique.<\/p>\n<p><img loading=\"lazy\" decoding=\"async\" width=\"1280\" height=\"853\" src=\"https:\/\/www.europesays.com\/fr\/wp-content\/uploads\/2025\/09\/alpine-A390-gts-2025-2026-01.jpg\" alt=\"\" class=\"wp-image-18455\"  \/><strong>Le SUV sportif et \u00e9lectrique Alpine A390<\/strong><\/p>\n<p>D\u2019autres constructeurs misent sur Lyon pour r\u00e9v\u00e9ler des mod\u00e8les strat\u00e9giques. Mitsubishi pr\u00e9sentera ses Grandis et Eclipse Cross, BYD ses berlines et breaks Seal 6 DM-i, Honda fera revenir le mythique Prelude en version hybride et la Civic restyl\u00e9e, tandis qu\u2019Isuzu introduira son premier pick-up \u00e9lectrique, le D-Max EV. Kia, Hyundai et Leapmotor compl\u00e9teront l\u2019offre avec leurs derni\u00e8res nouveaut\u00e9s \u00e9lectriques et hybrides, et Suzuki pr\u00e9sentera le e-Vitara, marquant sa transition vers l\u2019\u00e9lectrification.<\/p>\n<p><img loading=\"lazy\" decoding=\"async\" width=\"1280\" height=\"808\" src=\"https:\/\/www.europesays.com\/fr\/wp-content\/uploads\/2025\/09\/suzuki-e-vitara-2025-reveal-06.jpg\" alt=\"\" class=\"wp-image-17019\"  \/><strong>Premi\u00e8re fran\u00e7aise pour le Suzuki e-Vitara full \u00e9lectrique<\/strong><\/p>\n<p>L\u2019\u00e9lectrique et les hypercars au c\u0153ur du salon<\/p>\n<p>Polestar fera une entr\u00e9e remarqu\u00e9e sur le sol fran\u00e7ais avec ses mod\u00e8les Polestar 3 et 4, tandis que Cadillac pr\u00e9sentera son Vistiq, SUV \u00e9lectrique de luxe aux c\u00f4t\u00e9s du Lyriq. Lamborghini cl\u00f4turera la section des premi\u00e8res fran\u00e7aises avec la Temerario, un mod\u00e8le iconique en \u00e9dition tr\u00e8s limit\u00e9e.<br \/>En parall\u00e8le, de nombreux autres mod\u00e8les seront visibles, des berlines hybrides aux SUV \u00e9lectriques, en passant par les hypercars et concept-cars innovants, dont le Skoda Vision O qui pr\u00e9figure le break \u00e9lectrique de demain selon la marque tch\u00e8que. Le Salon Automobile de Lyon 2025 offre ainsi un panorama complet de l\u2019industrie automobile, entre performance, design et technologies \u00e9mergentes.<\/p>\n<p><img loading=\"lazy\" decoding=\"async\" width=\"1280\" height=\"853\" src=\"https:\/\/www.europesays.com\/fr\/wp-content\/uploads\/2025\/09\/lamborghini-temerario-2025-16.jpg\" alt=\"\" class=\"wp-image-18982\"  \/><strong>La Lamborghini Temerario sera l\u2019une des attraction du salon<\/strong><\/p>\n<p><strong>\u00ab Cette \u00e9dition 2025 illustre parfaitement la confiance que nous accordent les constructeurs automobiles \u00bb<\/strong>, explique Anne-Marie Baezner, Directrice du Salon. <strong>\u00ab Avec deux avant-premi\u00e8res mondiales et plus de 50 nouveaut\u00e9s, Lyon s\u2019impose d\u00e9finitivement comme un rendez-vous incontournable du calendrier automobile europ\u00e9en. \u00bb<\/strong><\/p>\n<p><strong>Infos pratiques<\/strong><br \/>Lieu : Eurexpo Lyon \/ Chassieu<br \/>Dates : Du mercredi 24 au dimanche 28 septembre 2025<br \/>Horaires : 10h \u00e0 20h tous les jours (nocturne jusqu\u2019\u00e0 22h le vendredi 26)\u2028Tarifs :<br \/>Plein tarif : 12 \u20ac en ligne \/ 14 \u20ac sur place<br \/>Tarif r\u00e9duit : 8 \u20ac (12-18 ans, \u00e9tudiants, demandeurs d\u2019emploi)<br \/>Gratuit pour les enfants de moins de 12 ans<br \/>Acc\u00e8s :<br \/>En voiture : parking visiteurs sur place (payant)<br \/>En transports : tramway T5, arr\u00eat Eurexpo \u2013 navettes sp\u00e9ciales mises en place depuis Lyon Part-Dieu<\/p>\n<p>Plus d\u2019infos et billetterie sur <a href=\"https:\/\/www.salon--automobile-lyon.com\" rel=\"nofollow noopener\" target=\"_blank\">www.salon-automobile-lyon.com<\/a><\/p>\n<p><img loading=\"lazy\" decoding=\"async\" width=\"1080\" height=\"1080\" src=\"https:\/\/www.europesays.com\/fr\/wp-content\/uploads\/2025\/09\/salon-auto-lyon-2025-visuel-affiche.jpg\" alt=\"\" class=\"wp-image-19172\"  \/><\/p>\n","protected":false},"excerpt":{"rendered":"Le Salon Automobile de Lyon 2025 s\u2019annonce comme un rendez-vous incontournable pour tous les passionn\u00e9s et curieux d\u2019automobile.&hellip;\n","protected":false},"author":2,"featured_media":405237,"comment_status":"","ping_status":"","sticky":false,"template":"","format":"standard","meta":{"footnotes":""},"categories":[1889],"tags":[1111,11,2430,1777,674,1011,27,2428,12,25,96],"class_list":{"0":"post-405236","1":"post","2":"type-post","3":"status-publish","4":"format-standard","5":"has-post-thumbnail","7":"category-lyon","8":"tag-actu","9":"tag-actualites","10":"tag-auvergne-rhone-alpes","11":"tag-eu","12":"tag-europe","13":"tag-fr","14":"tag-france","15":"tag-lyon","16":"tag-news","17":"tag-republique-francaise","18":"tag-une"},"share_on_mastodon":{"url":"https:\/\/pubeurope.com\/@fr\/115237611983065927","error":""},"_links":{"self":[{"href":"https:\/\/www.europesays.com\/fr\/wp-json\/wp\/v2\/posts\/405236","targetHints":{"allow":["GET"]}}],"collection":[{"href":"https:\/\/www.europesays.com\/fr\/wp-json\/wp\/v2\/posts"}],"about":[{"href":"https:\/\/www.europesays.com\/fr\/wp-json\/wp\/v2\/types\/post"}],"author":[{"embeddable":true,"href":"https:\/\/www.europesays.com\/fr\/wp-json\/wp\/v2\/users\/2"}],"replies":[{"embeddable":true,"href":"https:\/\/www.europesays.com\/fr\/wp-json\/wp\/v2\/comments?post=405236"}],"version-history":[{"count":0,"href":"https:\/\/www.europesays.com\/fr\/wp-json\/wp\/v2\/posts\/405236\/revisions"}],"wp:featuredmedia":[{"embeddable":true,"href":"https:\/\/www.europesays.com\/fr\/wp-json\/wp\/v2\/media\/405237"}],"wp:attachment":[{"href":"https:\/\/www.europesays.com\/fr\/wp-json\/wp\/v2\/media?parent=405236"}],"wp:term":[{"taxonomy":"category","embeddable":true,"href":"https:\/\/www.europesays.com\/fr\/wp-json\/wp\/v2\/categories?post=405236"},{"taxonomy":"post_tag","embeddable":true,"href":"https:\/\/www.europesays.com\/fr\/wp-json\/wp\/v2\/tags?post=405236"}],"curies":[{"name":"wp","href":"https:\/\/api.w.org\/{rel}","templated":true}]}}