{"id":405242,"date":"2025-09-20T16:41:10","date_gmt":"2025-09-20T16:41:10","guid":{"rendered":"https:\/\/www.europesays.com\/fr\/405242\/"},"modified":"2025-09-20T16:41:10","modified_gmt":"2025-09-20T16:41:10","slug":"un-animateur-dune-ecole-du-12e-arrondissement-de-paris-suspendu-apres-des-soupcons-de-violences-sexuelles","status":"publish","type":"post","link":"https:\/\/www.europesays.com\/fr\/405242\/","title":{"rendered":"Un animateur d&rsquo;une \u00e9cole du 12e arrondissement de Paris suspendu apr\u00e8s des soup\u00e7ons de violences sexuelles"},"content":{"rendered":"<p>            Par<br \/>\n        <strong><br \/>\n            <a href=\"https:\/\/actu.fr\/auteur\/redaction-paris\" title=\"Consulter tous les articles de R\u00e9daction Paris\" target=\"_blank\" rel=\"noopener\">R\u00e9daction Paris<\/a><br \/>\n        <\/strong><\/p>\n<p>        Publi\u00e9 le<\/p>\n<p>            20 sept. 2025 \u00e0 18h02        <\/p>\n<p>Une nouvelle affaire d\u2019agressions sexuelles dans le p\u00e9riscolaire \u00e0 <a href=\"https:\/\/actu.fr\/paris\/\" target=\"_blank\" rel=\"noopener\">Paris<\/a>. D\u2019apr\u00e8s une information r\u00e9v\u00e9l\u00e9e par <a href=\"https:\/\/www.20minutes.fr\/faits_divers\/faits-divers-paris\/4174086-20250919-paris-animateur-ecole-maternelle-suspendu-apres-soupcons-agression-sexuelle\" target=\"_blank\" rel=\"noopener\">20\u00a0Minutes<\/a>, et confirm\u00e9e par la Ville aupr\u00e8s d\u2019actu Paris, un <strong>animateur<\/strong> d\u2019une \u00e9cole maternelle du 12e arrondissement a \u00e9t\u00e9 <strong>suspendu<\/strong> fin ao\u00fbt\u00a02025 apr\u00e8s des soup\u00e7ons d\u2019<strong>agression sexuelle\u00a0<\/strong>commise sur un \u00ab\u2009enfant de cinq ans\u2009\u00bb.<\/p>\n<p>Un signalement \u00e9mis par la Ville au parquet de Paris<\/p>\n<p class=\" wall-content\">La municipalit\u00e9 indique qu\u2019un courrier \u00ab\u2009adress\u00e9 fin ao\u00fbt\u00a02025 \u00e0 la directrice de l\u2019\u00e9cole\u2009\u00bb par les parents contenait un signalement relatif \u00ab\u2009au <strong>comportement inappropri\u00e9<\/strong> d\u2019un animateur\u2009\u00bb envers un \u00e9l\u00e8ve dat\u00e9 de 2023. Deux ans apr\u00e8s les faits, la Ville a mis en place un \u00ab\u2009protocole\u2009\u00bb se traduisant par la suspension de l\u2019agent. Et ce, alors que la directrice de l\u2019\u00e9cole aurait \u00e9t\u00e9 inform\u00e9e en premier lieu de cette affaire.<\/p>\n<p class=\" wall-content\">Une <strong>enqu\u00eate administrative<\/strong> est en cours. Elle devra \u00e9tablir \u00ab\u2009la mat\u00e9rialit\u00e9 des faits\u2009\u00bb, selon les \u00e9l\u00e9ments communiqu\u00e9s par la Ville. En attendant, l\u2019institution a \u00e9mis un <strong>signalement<\/strong> au parquet de Paris \u00ab\u2009au titre de l\u2019article\u00a040 du code de la proc\u00e9dure p\u00e9nale\u2009\u00bb.<\/p>\n<p class=\" wall-content\">La Ville rappelle que \u00ab\u2009plusieurs interventions d\u2019associations sp\u00e9cialis\u00e9es dans le recueil de la parole de l\u2019enfant ou dans la pr\u00e9vention et la protection de l\u2019enfance sont programm\u00e9es, en compl\u00e9ment des d\u00e9marches existantes\u2009\u00bb. Concernant le recrutement des animateurs, elle fait savoir qu\u2019une \u00ab<strong>\u2009grande vigilance<\/strong>\u2009\u00bb s\u2019impose. Parmi les conditions, l\u2019absence de casier judiciaire.<\/p>\n<p class=\" wall-content\">Ce nouveau dossier s\u2019ajoute \u00e0 celui r\u00e9v\u00e9l\u00e9 en avril\u00a02025. Un animateur d\u2019une \u00e9cole maternelle du 11e arrondissement avait \u00e9t\u00e9 <a href=\"https:\/\/actu.fr\/ile-de-france\/paris_75056\/a-paris-un-animateur-d-ecole-maternelle-suspendu-apres-des-soupcons-de-violences-sexuelles-sur-des-eleves_62511240.html\" target=\"_blank\" rel=\"noopener\">suspendu<\/a> apr\u00e8s des soup\u00e7ons de \u00ab\u2009faits \u00e0 caract\u00e8re sexuel\u2009\u00bb. Une <strong>plainte<\/strong> avait \u00e9t\u00e9 d\u00e9pos\u00e9e par la famille.<\/p>\n<p class=\" wall-content\">Personnalisez votre actualit\u00e9 en ajoutant vos villes et m\u00e9dias en favori avec <a href=\"https:\/\/moncompte.actu.fr\" title=\"D\u00e9couvez Mon Actu\" rel=\"nofollow noopener\" data-trk=\"{&quot;cta&quot;:{&quot;action&quot;:&quot;https:\\\/\\\/moncompte.actu.fr&quot;,&quot;category&quot;:&quot;mon compte&quot;,&quot;from&quot;:&quot;article footer&quot;,&quot;name&quot;:&quot;Mon actu&quot;,&quot;type&quot;:&quot;cta&quot;}}\" target=\"_blank\">Mon Actu<\/a>.<\/p>\n","protected":false},"excerpt":{"rendered":"Par R\u00e9daction Paris Publi\u00e9 le 20 sept. 2025 \u00e0 18h02 Une nouvelle affaire d\u2019agressions sexuelles dans le p\u00e9riscolaire&hellip;\n","protected":false},"author":2,"featured_media":405243,"comment_status":"","ping_status":"","sticky":false,"template":"","format":"standard","meta":{"footnotes":""},"categories":[1888],"tags":[1111,1928,11,1927,4019,1777,674,118,1011,27,12,1926,626,1925,25,799],"class_list":{"0":"post-405242","1":"post","2":"type-post","3":"status-publish","4":"format-standard","5":"has-post-thumbnail","7":"category-paris","8":"tag-actu","9":"tag-actu-paris","10":"tag-actualites","11":"tag-actualites-paris","12":"tag-ecoles","13":"tag-eu","14":"tag-europe","15":"tag-faits-divers","16":"tag-fr","17":"tag-france","18":"tag-news","19":"tag-news-paris","20":"tag-paris","21":"tag-paris-news","22":"tag-republique-francaise","23":"tag-violences-sexuelles"},"share_on_mastodon":{"url":"https:\/\/pubeurope.com\/@fr\/115237623246922488","error":""},"_links":{"self":[{"href":"https:\/\/www.europesays.com\/fr\/wp-json\/wp\/v2\/posts\/405242","targetHints":{"allow":["GET"]}}],"collection":[{"href":"https:\/\/www.europesays.com\/fr\/wp-json\/wp\/v2\/posts"}],"about":[{"href":"https:\/\/www.europesays.com\/fr\/wp-json\/wp\/v2\/types\/post"}],"author":[{"embeddable":true,"href":"https:\/\/www.europesays.com\/fr\/wp-json\/wp\/v2\/users\/2"}],"replies":[{"embeddable":true,"href":"https:\/\/www.europesays.com\/fr\/wp-json\/wp\/v2\/comments?post=405242"}],"version-history":[{"count":0,"href":"https:\/\/www.europesays.com\/fr\/wp-json\/wp\/v2\/posts\/405242\/revisions"}],"wp:featuredmedia":[{"embeddable":true,"href":"https:\/\/www.europesays.com\/fr\/wp-json\/wp\/v2\/media\/405243"}],"wp:attachment":[{"href":"https:\/\/www.europesays.com\/fr\/wp-json\/wp\/v2\/media?parent=405242"}],"wp:term":[{"taxonomy":"category","embeddable":true,"href":"https:\/\/www.europesays.com\/fr\/wp-json\/wp\/v2\/categories?post=405242"},{"taxonomy":"post_tag","embeddable":true,"href":"https:\/\/www.europesays.com\/fr\/wp-json\/wp\/v2\/tags?post=405242"}],"curies":[{"name":"wp","href":"https:\/\/api.w.org\/{rel}","templated":true}]}}