{"id":405254,"date":"2025-09-20T16:47:09","date_gmt":"2025-09-20T16:47:09","guid":{"rendered":"https:\/\/www.europesays.com\/fr\/405254\/"},"modified":"2025-09-20T16:47:09","modified_gmt":"2025-09-20T16:47:09","slug":"un-assaut-contre-le-journalisme-independant-le-pentagone-resserre-son-controle-sur-la-presse","status":"publish","type":"post","link":"https:\/\/www.europesays.com\/fr\/405254\/","title":{"rendered":"\u00ab\u00a0Un assaut contre le journalisme ind\u00e9pendant\u2026\u00a0\u00bb Le Pentagone resserre son contr\u00f4le sur la presse"},"content":{"rendered":"<p>L\u2019administration Trump accentue la pression sur la <a href=\"https:\/\/www.20minutes.fr\/dossier\/presse\" class=\"c-link c-link--is-underlined\" target=\"_blank\" rel=\"noopener\">presse<\/a>. Le minist\u00e8re am\u00e9ricain de la D\u00e9fense exige d\u00e9sormais que les journalistes accr\u00e9dit\u00e9s lui fassent valider toute publication d\u2019information le concernant, classifi\u00e9e ou non. Dans le cas contraire, leur acc\u00e8s au Pentagone serait supprim\u00e9.<\/p>\n<p>Les informations \u00e9manant du minist\u00e8re de la D\u00e9fense \u00ab\u00a0doivent \u00eatre approuv\u00e9es pour leur publication aupr\u00e8s du grand public par un responsable d\u00e9di\u00e9 charg\u00e9 des autorisations, et ce avant la publication, et m\u00eame si l\u2019information est non couverte par le secret-d\u00e9fense\u00a0\u00bb, ont \u00e9t\u00e9 pr\u00e9venus les journalistes concern\u00e9s.<\/p>\n<p>Cela semble ainsi inclure des informations collect\u00e9es par les journalistes via des sources internes, en dehors des canaux de communication officiels. Le non-respect de cette r\u00e8gle est explicitement cit\u00e9 comme justification d\u2019un retrait d\u2019accr\u00e9ditation.<\/p>\n<\/p>\n<p>S\u2019engager \u00e0 \u00ab\u00a0ne pas obtenir des informations\u00a0\u00bb<\/p>\n<p>Le National Press Club de <a href=\"https:\/\/www.20minutes.fr\/dossier\/washington\" class=\"c-link c-link--is-underlined\" target=\"_blank\" rel=\"noopener\">Washington<\/a>, une association de journalistes, explique ainsi que \u00ab\u00a0le Pentagone demande d\u00e9sormais aux journalistes de signer un engagement de ne pas obtenir des informations, m\u00eame si non couvertes par le secret-d\u00e9fense, \u00e0 moins que cela ait \u00e9t\u00e9 express\u00e9ment autoris\u00e9 par le gouvernement\u00a0\u00bb.<\/p>\n<p>\u00ab\u00a0Cela constitue un assaut direct contre le journalisme ind\u00e9pendant sur le lieu m\u00eame o\u00f9 un regard ind\u00e9pendant est le plus important\u00a0: l\u2019arm\u00e9e am\u00e9ricaine\u00a0\u00bb, d\u00e9plore l\u2019association, demandant au Pentagone de revenir sur cette exigence.<\/p>\n<p>D\u00e8s son arriv\u00e9e au Pentagone en d\u00e9but d\u2019ann\u00e9e, <a href=\"https:\/\/www.20minutes.fr\/politique\/pete-hegseth\/\" class=\"c-link c-link--is-underlined\" target=\"_blank\" rel=\"noopener\">Pete Hegseth<\/a> a r\u00e9attribu\u00e9 des bureaux au sein du Pentagone, jusque-l\u00e0 occup\u00e9s par de grands m\u00e9dias plut\u00f4t progressistes, au profit de publications plus marqu\u00e9es \u00e0 droite.<\/p>\n<p><a href=\"https:\/\/www.20minutes.fr\/dossier\/donald_trump\" class=\"c-link c-link--is-underlined\" target=\"_blank\" rel=\"noopener\">Donald Trump<\/a> a r\u00e9cemment attaqu\u00e9 le <a href=\"https:\/\/www.20minutes.fr\/dossier\/wall_street_journal\" class=\"c-link c-link--is-underlined\" target=\"_blank\" rel=\"noopener\">Wall Street Journal<\/a> et le <a href=\"https:\/\/www.20minutes.fr\/dossier\/new_york_times\" class=\"c-link c-link--is-underlined\" target=\"_blank\" rel=\"noopener\">New York Times<\/a> en justice. Il s\u2019est aussi r\u00e9joui de l\u2019\u00e9viction de l\u2019humoriste <a href=\"https:\/\/www.20minutes.fr\/dossier\/jimmy_kimmel\" class=\"c-link c-link--is-underlined\" target=\"_blank\" rel=\"noopener\">Jimmy Kimmel<\/a> de sa cha\u00eene pour ses propos politiques.<\/p>\n","protected":false},"excerpt":{"rendered":"L\u2019administration Trump accentue la pression sur la presse. Le minist\u00e8re am\u00e9ricain de la D\u00e9fense exige d\u00e9sormais que les&hellip;\n","protected":false},"author":2,"featured_media":405255,"comment_status":"","ping_status":"","sticky":false,"template":"","format":"standard","meta":{"footnotes":""},"categories":[1589],"tags":[47,11,75,73,1866,2957,10402,74,12,1068,1864,1865,1863,308],"class_list":{"0":"post-405254","1":"post","2":"type-post","3":"status-publish","4":"format-standard","5":"has-post-thumbnail","7":"category-etats-unis","8":"tag-actualite","9":"tag-actualites","10":"tag-donald-trump","11":"tag-etats-unis","12":"tag-etats-unis-damerique","13":"tag-journaliste","14":"tag-liberte-de-la-presse","15":"tag-monde","16":"tag-news","17":"tag-pentagone","18":"tag-united-states","19":"tag-united-states-of-america","20":"tag-us","21":"tag-usa"},"share_on_mastodon":{"url":"https:\/\/pubeurope.com\/@fr\/115237646946525392","error":""},"_links":{"self":[{"href":"https:\/\/www.europesays.com\/fr\/wp-json\/wp\/v2\/posts\/405254","targetHints":{"allow":["GET"]}}],"collection":[{"href":"https:\/\/www.europesays.com\/fr\/wp-json\/wp\/v2\/posts"}],"about":[{"href":"https:\/\/www.europesays.com\/fr\/wp-json\/wp\/v2\/types\/post"}],"author":[{"embeddable":true,"href":"https:\/\/www.europesays.com\/fr\/wp-json\/wp\/v2\/users\/2"}],"replies":[{"embeddable":true,"href":"https:\/\/www.europesays.com\/fr\/wp-json\/wp\/v2\/comments?post=405254"}],"version-history":[{"count":0,"href":"https:\/\/www.europesays.com\/fr\/wp-json\/wp\/v2\/posts\/405254\/revisions"}],"wp:featuredmedia":[{"embeddable":true,"href":"https:\/\/www.europesays.com\/fr\/wp-json\/wp\/v2\/media\/405255"}],"wp:attachment":[{"href":"https:\/\/www.europesays.com\/fr\/wp-json\/wp\/v2\/media?parent=405254"}],"wp:term":[{"taxonomy":"category","embeddable":true,"href":"https:\/\/www.europesays.com\/fr\/wp-json\/wp\/v2\/categories?post=405254"},{"taxonomy":"post_tag","embeddable":true,"href":"https:\/\/www.europesays.com\/fr\/wp-json\/wp\/v2\/tags?post=405254"}],"curies":[{"name":"wp","href":"https:\/\/api.w.org\/{rel}","templated":true}]}}