{"id":40526,"date":"2025-04-21T03:40:11","date_gmt":"2025-04-21T03:40:11","guid":{"rendered":"https:\/\/www.europesays.com\/fr\/40526\/"},"modified":"2025-04-21T03:40:11","modified_gmt":"2025-04-21T03:40:11","slug":"en-israel-le-chef-de-lopposition-dit-redouter-un-meurtre-politique","status":"publish","type":"post","link":"https:\/\/www.europesays.com\/fr\/40526\/","title":{"rendered":"En Isra\u00ebl, le chef de l&rsquo;opposition dit redouter un \u00abmeurtre politique\u00bb"},"content":{"rendered":"<p>Ya\u00efr Lapid s\u2019inqui\u00e8te de ce qu\u2019il nomme une \u00abcampagne d\u2019incitation \u00e0 la haine\u00bb men\u00e9e contre Ronen Bar, le chef du Shin Bet, le service de s\u00e9curit\u00e9 int\u00e9rieure.<\/p>\n<p class=\"fig-paragraph\">\u00abLa ligne rouge a \u00e9t\u00e9 franchie. Si nous n&rsquo;arr\u00eatons pas cela, il y aura un meurtre politique, peut-\u00eatre plus d&rsquo;un. Des juifs tueront des juifs\u00bb, a d\u00e9plor\u00e9 Ya\u00efr Lapid, le chef de l\u2019opposition isra\u00e9lienne, lors d&rsquo;une conf\u00e9rence de presse \u00e0 Tel-Aviv dimanche. Pour lui \u00ables menaces les plus graves\u00bb sont dirig\u00e9es contre le chef du Shin Bet, la s\u00e9curit\u00e9 int\u00e9rieure, Ronen Bar.<\/p>\n<p class=\"fig-paragraph\">L\u2019annonce \u00e0 la mi-mars du futur limogeage de Bar par le gouvernement isra\u00e9lien est contest\u00e9e notamment par la procureure g\u00e9n\u00e9rale de l\u2019\u00c9tat et par l&rsquo;opposition, qui y voit le signe d&rsquo;une\u00a0<a href=\"http:\/\/www.lefigaro.fr\/international\/gouvernement-des-juges-derive-autocratique-israel-rattrape-par-sa-crise-democratique-20250408\" data-fig-type=\"Article\" data-gtm-custom-categorie=\"navigation\" data-gtm-custom-action=\"crossclick\" data-gtm-custom-label=\"Contextuel\" data-gtm-event=\"customEventSPE\" data-fig-domain=\"LEFIGARO\" target=\"_blank\" rel=\"noopener\">d\u00e9rive autocratique du pouvoir.\u00a0<\/a><\/p>\n<p class=\"fig-paragraph\">Le 9 avril, la Cour supr\u00eame isra\u00e9lienne a appel\u00e9 le gouvernement et la procureure g\u00e9n\u00e9rale \u00e0 trouver un compromis. Selon les m\u00e9dias, Ronen Bar pourrait \u00eatre contraint \u00e0 la d\u00e9mission. Une d\u00e9cision qu\u2019approuverait\u00a0<a href=\"https:\/\/www.lefigaro.fr\/international\/en-israel-yair-lapid-artisan-de-la-chute-de-bibi-20210613\" data-fig-type=\"Article\" data-gtm-custom-categorie=\"navigation\" data-gtm-custom-action=\"crossclick\" data-gtm-custom-label=\"Contextuel\" data-gtm-event=\"customEventSPE\" data-fig-domain=\"LEFIGARO\" target=\"_blank\" rel=\"noopener\">Ya\u00efr Lapid<\/a>\u00a0qui ne conteste pas l&rsquo;\u00e9chec des services de s\u00e9curit\u00e9 int\u00e9rieure \u00e0 pr\u00e9venir l&rsquo;attaque du 7 octobre 2023 mais s\u2019inqui\u00e8te de ce qu\u2019il nomme une \u00abcampagne d&rsquo;incitation \u00e0 la haine\u00bb men\u00e9e contre Ronen Bar.<\/p>\n<p>    Ronen Bar assiste \u00e0 une c\u00e9r\u00e9monie comm\u00e9morative de l\u2019attaque du Hamas le 7 octobre au cimeti\u00e8re militaire du Mont Herzl \u00e0 J\u00e9rusalem le 27 octobre 2024<br \/>\n                GIL COHEN-MAGEN \/ REUTERS<\/p>\n<p class=\"fig-paragraph\">\u00c0 l\u2019appui de ses propos, Lapid a pr\u00e9sent\u00e9 des captures d&rsquo;\u00e9cran montrant des menaces de mort visant Bar publi\u00e9es sur les r\u00e9seaux sociaux, estimant que l&rsquo;annonce du limogeage et les critiques de certains ministres avaient conduit \u00e0 ces menaces.<\/p>\n<p class=\"fig-paragraph\">\u00abArr\u00eatez cela, a-t-il dit, \u00e0 l&rsquo;adresse du premier ministre. Au lieu de soutenir l&rsquo;incitation (\u00e0 la haine), soutenez le Shin Bet, les forces de s\u00e9curit\u00e9, les syst\u00e8mes qui maintiennent ce pays en vie.\u00bb<\/p>\n<p class=\"fig-paragraph\">En 1995, l&rsquo;assassinat du Premier ministre, Yitzhak Rabin, par un juif extr\u00e9miste avait provoqu\u00e9 une onde de choc en Isra\u00ebl. Certains avaient accus\u00e9 le chef de l&rsquo;opposition de l&rsquo;\u00e9poque, Benyamin Netanyahou, de ne pas avoir emp\u00each\u00e9 cette incitation \u00e0 la violence.<\/p>\n","protected":false},"excerpt":{"rendered":"Ya\u00efr Lapid s\u2019inqui\u00e8te de ce qu\u2019il nomme une \u00abcampagne d\u2019incitation \u00e0 la haine\u00bb men\u00e9e contre Ronen Bar, le&hellip;\n","protected":false},"author":2,"featured_media":40527,"comment_status":"","ping_status":"","sticky":false,"template":"","format":"standard","meta":{"footnotes":""},"categories":[5],"tags":[1111,47,11,1109,1112,118,1108,107,1106,1107,1011,27,1110,1114,14,12,1113,316,28],"class_list":{"0":"post-40526","1":"post","2":"type-post","3":"status-publish","4":"format-standard","5":"has-post-thumbnail","7":"category-international","8":"tag-actu","9":"tag-actualite","10":"tag-actualites","11":"tag-breves","12":"tag-depeches","13":"tag-faits-divers","14":"tag-fil","15":"tag-fil-info","16":"tag-flash","17":"tag-flash-actu","18":"tag-fr","19":"tag-france","20":"tag-informations","21":"tag-infos","22":"tag-international","23":"tag-news","24":"tag-nouvelles","25":"tag-politique","26":"tag-world"},"share_on_mastodon":{"url":"https:\/\/pubeurope.com\/@fr\/114373880928546657","error":""},"_links":{"self":[{"href":"https:\/\/www.europesays.com\/fr\/wp-json\/wp\/v2\/posts\/40526","targetHints":{"allow":["GET"]}}],"collection":[{"href":"https:\/\/www.europesays.com\/fr\/wp-json\/wp\/v2\/posts"}],"about":[{"href":"https:\/\/www.europesays.com\/fr\/wp-json\/wp\/v2\/types\/post"}],"author":[{"embeddable":true,"href":"https:\/\/www.europesays.com\/fr\/wp-json\/wp\/v2\/users\/2"}],"replies":[{"embeddable":true,"href":"https:\/\/www.europesays.com\/fr\/wp-json\/wp\/v2\/comments?post=40526"}],"version-history":[{"count":0,"href":"https:\/\/www.europesays.com\/fr\/wp-json\/wp\/v2\/posts\/40526\/revisions"}],"wp:featuredmedia":[{"embeddable":true,"href":"https:\/\/www.europesays.com\/fr\/wp-json\/wp\/v2\/media\/40527"}],"wp:attachment":[{"href":"https:\/\/www.europesays.com\/fr\/wp-json\/wp\/v2\/media?parent=40526"}],"wp:term":[{"taxonomy":"category","embeddable":true,"href":"https:\/\/www.europesays.com\/fr\/wp-json\/wp\/v2\/categories?post=40526"},{"taxonomy":"post_tag","embeddable":true,"href":"https:\/\/www.europesays.com\/fr\/wp-json\/wp\/v2\/tags?post=40526"}],"curies":[{"name":"wp","href":"https:\/\/api.w.org\/{rel}","templated":true}]}}