{"id":405264,"date":"2025-09-20T16:52:18","date_gmt":"2025-09-20T16:52:18","guid":{"rendered":"https:\/\/www.europesays.com\/fr\/405264\/"},"modified":"2025-09-20T16:52:18","modified_gmt":"2025-09-20T16:52:18","slug":"lavertissement-de-sebastien-lecornu-aux-elus-macronistes-liberation","status":"publish","type":"post","link":"https:\/\/www.europesays.com\/fr\/405264\/","title":{"rendered":"l\u2019avertissement de S\u00e9bastien Lecornu aux \u00e9lus macronistes \u2013 Lib\u00e9ration"},"content":{"rendered":"<p class=\"sc-cPiKLX AiZTS text-element\">C\u2019est un discours informel en forme de mise en garde qu\u2019a tenu le nouveau Premier ministre S\u00e9bastien Lecornu aux \u00e9lus macronistes r\u00e9unis vendredi soir pour <a href=\"https:\/\/www.liberation.fr\/politique\/entre-loyaute-et-emancipation-le-moment-un-peu-glissant-de-gabriel-attal-20250919_BHXC3VOO7NHVXCYK7JXSOTT37I\/\" target=\"_blank\" rel=\"noreferrer noopener\" title=\"https:\/\/www.liberation.fr\/politique\/entre-loyaute-et-emancipation-le-moment-un-peu-glissant-de-gabriel-attal-20250919_BHXC3VOO7NHVXCYK7JXSOTT37I\/\">la rentr\u00e9e parlementaire de son parti Renaissance<\/a> \u00e0 Arras. \u00abNous devons \u00eatre beaucoup plus offensifs sur ce que nous avons r\u00e9ussi, et dans la d\u00e9fense de notre bilan avec le pr\u00e9sident de la R\u00e9publique\u00bb, a lanc\u00e9 le chef du gouvernement, a fait savoir un participant aupr\u00e8s de l\u2019AFP ce samedi 20\u00a0septembre. \u00abMais nous devons aussi \u00eatre plus humbles sur<a href=\"https:\/\/www.liberation.fr\/politique\/sebastien-lecornu-un-premier-ministre-prudent-dans-lombre-du-president-20250915_UCEAHPPWIVGENII6BNA6WCDMXU\/\" target=\"_blank\" rel=\"noreferrer noopener\" title=\"https:\/\/www.liberation.fr\/politique\/sebastien-lecornu-un-premier-ministre-prudent-dans-lombre-du-president-20250915_UCEAHPPWIVGENII6BNA6WCDMXU\/\"> ce que nous n\u2019avons pas r\u00e9ussi depuis huit\u00a0ans<\/a>\u00a0: le pays change, si on ne montre pas que nous changeons nous aussi, ce sont les Fran\u00e7ais qui nous changeront\u00bb, a toutefois mis en garde le S\u00e9bastien Lecornu, selon un participant. <\/p>\n<p class=\"sc-cPiKLX AiZTS text-element\">\u00abIl a rappel\u00e9 qu\u2019il y avait plusieurs combats \u00e0 mener, notamment [\u2026] aller de front sur le combat de la l\u00e9gitimit\u00e9 \u00e0 gouverner\u00bb, relate une autre source ayant assist\u00e9 au discours. <\/p>\n<p class=\"sc-cPiKLX AiZTS text-element\"><a href=\"https:\/\/www.liberation.fr\/politique\/a-matignon-sebastien-lecornu-met-en-scene-ses-ruptures-20250910_BV5ZTY22C5BSLKDFJ6DLENA5YA\/\" target=\"_blank\" rel=\"noreferrer noopener\" title=\"https:\/\/www.liberation.fr\/politique\/a-matignon-sebastien-lecornu-met-en-scene-ses-ruptures-20250910_BV5ZTY22C5BSLKDFJ6DLENA5YA\/\">Apr\u00e8s avoir promis \u00abdes ruptures de fond\u00bb<\/a> lors de sa prise de poste, le nouveau locataire de Matignon ne s\u2019est toutefois pas avanc\u00e9 vendredi sur les potentielles concessions qu\u2019il pourrait faire aux oppositions pour d\u00e9crocher un accord de non-censure, que ce soit sur la masse ou le p\u00e9rim\u00e8tre des \u00e9conomies \u00e0 faire. <\/p>\n<p class=\"sc-cPiKLX AiZTS text-element\"><a href=\"https:\/\/www.liberation.fr\/politique\/qui-soccupe-de-la-defense-depuis-que-sebastien-lecornu-a-demenage-a-matignon-20250920_LV5TAOPKTZGI5H3KWOZR47AFCI\/\" target=\"_blank\" rel=\"noreferrer noopener\" title=\"https:\/\/www.liberation.fr\/politique\/qui-soccupe-de-la-defense-depuis-que-sebastien-lecornu-a-demenage-a-matignon-20250920_LV5TAOPKTZGI5H3KWOZR47AFCI\/\">L\u2019ex-ministre des Arm\u00e9es<\/a> est engag\u00e9 dans des discussions \u00e0 hauts risques avec les partenaires sociaux et les formations politiques pour tenter de trouver un chemin de passage pour le budget de l\u2019Etat pour\u00a02026, et \u00e9viter de chuter comme ses deux pr\u00e9d\u00e9cesseurs \u00e0 Matignon Fran\u00e7ois Bayrou et Michel Barnier. <\/p>\n<p class=\"sc-cPiKLX AiZTS text-element\"><a href=\"https:\/\/www.liberation.fr\/politique\/nous-sommes-restes-sur-notre-faim-regrette-olivier-faure-apres-sa-discussion-avec-sebastien-lecornu-a-matignon-20250917_55AMDEJ43REH7EBTE36CFKBEQA\/\" target=\"_blank\" rel=\"noreferrer noopener\" title=\"https:\/\/www.liberation.fr\/politique\/nous-sommes-restes-sur-notre-faim-regrette-olivier-faure-apres-sa-discussion-avec-sebastien-lecornu-a-matignon-20250917_55AMDEJ43REH7EBTE36CFKBEQA\/\">Du c\u00f4t\u00e9 des socialistes<\/a>, le premier secr\u00e9taire du PS Olivier Faure a de nouveau estim\u00e9 jeudi que la tr\u00e8s contest\u00e9e r\u00e9forme des retraites \u00abdoit \u00eatre abrog\u00e9e\u00bb. <\/p>\n<p class=\"sc-cPiKLX AiZTS text-element\"><a href=\"https:\/\/www.liberation.fr\/politique\/sebastien-lecornu-nest-pas-diplome-dun-master-de-droit-contrairement-a-ce-quil-pretendait-20250919_MZKT26CCBJAMBDRSSBSWHVW2DQ\/\" target=\"_blank\" rel=\"noreferrer noopener\" title=\"https:\/\/www.liberation.fr\/politique\/sebastien-lecornu-nest-pas-diplome-dun-master-de-droit-contrairement-a-ce-quil-pretendait-20250919_MZKT26CCBJAMBDRSSBSWHVW2DQ\/\">S\u00e9bastien Lecornu<\/a> \u00aba dit qu\u2019on allait faire des compromis, mais pas des compromissions, et qu\u2019il fallait ensuite demander aux oppositions jusqu\u2019o\u00f9 elles sont pr\u00eates \u00e0 aller [\u2026] pour faire adopter une copie budg\u00e9taire dans l\u2019int\u00e9r\u00eat de faire r\u00e9ussir le pays\u00bb, a r\u00e9sum\u00e9 un participant aux journ\u00e9es parlementaires de Renaissance. <\/p>\n<p class=\"sc-cPiKLX AiZTS text-element\">Selon cette m\u00eame source, la tonalit\u00e9 du discours visait avant tout \u00e0 \u00abremobiliser un peu les troupes, \u00e0 reprendre confiance [\u2026] parce que dans les \u00e9ch\u00e9ances \u00e0 venir, qu\u2019elles soient municipales, pr\u00e9sidentielles, voire l\u00e9gislatives, personne ne nous fera de cadeaux\u00bb. <\/p>\n","protected":false},"excerpt":{"rendered":"C\u2019est un discours informel en forme de mise en garde qu\u2019a tenu le nouveau Premier ministre S\u00e9bastien Lecornu&hellip;\n","protected":false},"author":2,"featured_media":405265,"comment_status":"","ping_status":"","sticky":false,"template":"","format":"standard","meta":{"footnotes":""},"categories":[2],"tags":[11,1011,27,12,3370,25,11067],"class_list":{"0":"post-405264","1":"post","2":"type-post","3":"status-publish","4":"format-standard","5":"has-post-thumbnail","7":"category-actualites","8":"tag-actualites","9":"tag-fr","10":"tag-france","11":"tag-news","12":"tag-renaissance","13":"tag-republique-francaise","14":"tag-sebastien-lecornu"},"share_on_mastodon":{"url":"https:\/\/pubeurope.com\/@fr\/115237666418415912","error":""},"_links":{"self":[{"href":"https:\/\/www.europesays.com\/fr\/wp-json\/wp\/v2\/posts\/405264","targetHints":{"allow":["GET"]}}],"collection":[{"href":"https:\/\/www.europesays.com\/fr\/wp-json\/wp\/v2\/posts"}],"about":[{"href":"https:\/\/www.europesays.com\/fr\/wp-json\/wp\/v2\/types\/post"}],"author":[{"embeddable":true,"href":"https:\/\/www.europesays.com\/fr\/wp-json\/wp\/v2\/users\/2"}],"replies":[{"embeddable":true,"href":"https:\/\/www.europesays.com\/fr\/wp-json\/wp\/v2\/comments?post=405264"}],"version-history":[{"count":0,"href":"https:\/\/www.europesays.com\/fr\/wp-json\/wp\/v2\/posts\/405264\/revisions"}],"wp:featuredmedia":[{"embeddable":true,"href":"https:\/\/www.europesays.com\/fr\/wp-json\/wp\/v2\/media\/405265"}],"wp:attachment":[{"href":"https:\/\/www.europesays.com\/fr\/wp-json\/wp\/v2\/media?parent=405264"}],"wp:term":[{"taxonomy":"category","embeddable":true,"href":"https:\/\/www.europesays.com\/fr\/wp-json\/wp\/v2\/categories?post=405264"},{"taxonomy":"post_tag","embeddable":true,"href":"https:\/\/www.europesays.com\/fr\/wp-json\/wp\/v2\/tags?post=405264"}],"curies":[{"name":"wp","href":"https:\/\/api.w.org\/{rel}","templated":true}]}}