{"id":405310,"date":"2025-09-20T17:18:10","date_gmt":"2025-09-20T17:18:10","guid":{"rendered":"https:\/\/www.europesays.com\/fr\/405310\/"},"modified":"2025-09-20T17:18:10","modified_gmt":"2025-09-20T17:18:10","slug":"saint-chamond-lachat-dune-joelette-le-nouveau-projet-du-rotary-club","status":"publish","type":"post","link":"https:\/\/www.europesays.com\/fr\/405310\/","title":{"rendered":"Saint-Chamond. L\u2019achat d\u2019une jo\u00eblette, le nouveau projet du Rotary club"},"content":{"rendered":"<p>\u00ab\u00a0R\u00e9unir les fonds pour acqu\u00e9rir une jo\u00eblette et la mettre \u00e0 disposition de l\u2019Office des sports est notre grand projet de l\u2019ann\u00e9e. Il s\u2019inscrit dans l\u2019esprit de notre mouvement qui est de s\u2019unir pour faire le bien\u00a0\u00bb, a annonc\u00e9 Annick Bernaud, nouvelle pr\u00e9sidente du Rotary club du Gier, lors d\u2019une r\u00e9union extraordinaire organis\u00e9e mercredi 10\u00a0septembre \u00e0 l\u2019entreprise Faure.<\/p>\n<p>\u00ab\u00a0L\u2019entreprise Faure nous accueille ce soir pour une pr\u00e9sentation de ce fauteuil roulant sp\u00e9cial qui met la pratique de la randonn\u00e9e \u00e0 la port\u00e9e des personnes atteintes d\u2019un handicap moteur.\u00a0Nous profitons de la&#8230;<\/p>\n","protected":false},"excerpt":{"rendered":"\u00ab\u00a0R\u00e9unir les fonds pour acqu\u00e9rir une jo\u00eblette et la mettre \u00e0 disposition de l\u2019Office des sports est notre&hellip;\n","protected":false},"author":2,"featured_media":405311,"comment_status":"","ping_status":"","sticky":false,"template":"","format":"standard","meta":{"footnotes":""},"categories":[9653],"tags":[1111,11,2430,7539,1777,674,1011,27,12,25,9669,9670,4001,104,1631],"class_list":{"0":"post-405310","1":"post","2":"type-post","3":"status-publish","4":"format-standard","5":"has-post-thumbnail","7":"category-saint-etienne","8":"tag-actu","9":"tag-actualites","10":"tag-auvergne-rhone-alpes","11":"tag-edition-loire-sud","12":"tag-eu","13":"tag-europe","14":"tag-fr","15":"tag-france","16":"tag-news","17":"tag-republique-francaise","18":"tag-saint-chamond","19":"tag-saint-chamond-ville","20":"tag-saint-etienne","21":"tag-societe","22":"tag-vie-associative"},"share_on_mastodon":{"url":"https:\/\/pubeurope.com\/@fr\/115237768713436016","error":""},"_links":{"self":[{"href":"https:\/\/www.europesays.com\/fr\/wp-json\/wp\/v2\/posts\/405310","targetHints":{"allow":["GET"]}}],"collection":[{"href":"https:\/\/www.europesays.com\/fr\/wp-json\/wp\/v2\/posts"}],"about":[{"href":"https:\/\/www.europesays.com\/fr\/wp-json\/wp\/v2\/types\/post"}],"author":[{"embeddable":true,"href":"https:\/\/www.europesays.com\/fr\/wp-json\/wp\/v2\/users\/2"}],"replies":[{"embeddable":true,"href":"https:\/\/www.europesays.com\/fr\/wp-json\/wp\/v2\/comments?post=405310"}],"version-history":[{"count":0,"href":"https:\/\/www.europesays.com\/fr\/wp-json\/wp\/v2\/posts\/405310\/revisions"}],"wp:featuredmedia":[{"embeddable":true,"href":"https:\/\/www.europesays.com\/fr\/wp-json\/wp\/v2\/media\/405311"}],"wp:attachment":[{"href":"https:\/\/www.europesays.com\/fr\/wp-json\/wp\/v2\/media?parent=405310"}],"wp:term":[{"taxonomy":"category","embeddable":true,"href":"https:\/\/www.europesays.com\/fr\/wp-json\/wp\/v2\/categories?post=405310"},{"taxonomy":"post_tag","embeddable":true,"href":"https:\/\/www.europesays.com\/fr\/wp-json\/wp\/v2\/tags?post=405310"}],"curies":[{"name":"wp","href":"https:\/\/api.w.org\/{rel}","templated":true}]}}