{"id":405317,"date":"2025-09-20T17:22:11","date_gmt":"2025-09-20T17:22:11","guid":{"rendered":"https:\/\/www.europesays.com\/fr\/405317\/"},"modified":"2025-09-20T17:22:11","modified_gmt":"2025-09-20T17:22:11","slug":"un-jeune-homme-decede-durant-une-sortie-en-semi-rigide-devenu-incontrolable-en-baie-de-bandol","status":"publish","type":"post","link":"https:\/\/www.europesays.com\/fr\/405317\/","title":{"rendered":"Un jeune homme d\u00e9c\u00e8de durant une sortie en semi-rigide devenu incontr\u00f4lable, en baie de Bandol"},"content":{"rendered":"<p>Un drame s\u2019est produit dans la baie de Bandol ce samedi matin vers 10h. Alors qu\u2019ils se trouvaient \u00e0 bord d\u2019un semi-rigide, les deux passagers sont tomb\u00e9s \u00e0 l\u2019eau \u00e0 la suite d\u2019une perte de contr\u00f4le. Imm\u00e9diatement inform\u00e9 de l\u2019accident par des t\u00e9moins, le Cross Med a diffus\u00e9 un message Mayday Relay pour alerter tous les usagers sur zone et engag\u00e9 plusieurs moyens pour conduire les op\u00e9rations de sauvetage (1).<\/p>\n<p><strong>En arr\u00eat cardio-respiratoire<\/strong><\/p>\n<p>L\u2019\u2019un des deux passagers, <strong>un homme de 43 ans, a rapidement \u00e9t\u00e9 r\u00e9cup\u00e9r\u00e9 indemne<\/strong> par un plaisancier tout proche; mais, dans le m\u00eame temps, le bateau devenu incontr\u00f4lable a percut\u00e9 le second, \u00e2g\u00e9 de 17 ans. Il a \u00e9t\u00e9 r\u00e9cup\u00e9r\u00e9 en arr\u00eat cardio-respiratoire par l\u2019\u2019embarcation du SDIS et rapidement ramen\u00e9 \u00e0 terre pour \u00eatre pris en charge par le SMUR \u00e0 la capitainerie de Bandol. <strong>Malgr\u00e9 les soins prodigu\u00e9s, il a \u00e9t\u00e9 d\u00e9clar\u00e9 d\u00e9c\u00e9d\u00e9 peu avant 11h<\/strong>.<\/p>\n<p>Un responsable attrist\u00e9 de la SNSM de Bandol, pr\u00e9sent sur cette intervention, indique que la vitesse serait sans doute \u00e0 l\u2019origine de la perte de contr\u00f4le. \u00ab\u00a0Le plus jeune pilotait et ils ont \u00e9t\u00e9 \u00e9ject\u00e9s. Et puis le bateau fou\u2026 L\u2019h\u00e9lice l\u2019a percut\u00e9 au niveau de la t\u00eate. Il \u00e9tait moniteur \u00e0 la soci\u00e9t\u00e9 nautique de Bandol. C\u2019est un dramatique accident.\u00a0\u00bb<\/p>\n<p>\u00a0<\/p>\n<p>(1) l\u2019h\u00e9licopt\u00e8re H160 de la Marine nationale bas\u00e9 \u00e0 Hy\u00e8res; la vedette Saint Elme II et le semi-rigide Timothy de la station de la Soci\u00e9t\u00e9 nationale de sauvetage en mer (SNSM) de Bandol; un semi-rigide du Service d\u00e9partemental d\u2019incendie et de secours (SDIS) du Var avec une \u00e9quipe subaquatique; plusieurs moyens terrestres du SDIS 83 et du SAMU 83 (VSAV, SMUR-SCMM).<\/p>\n","protected":false},"excerpt":{"rendered":"Un drame s\u2019est produit dans la baie de Bandol ce samedi matin vers 10h. Alors qu\u2019ils se trouvaient&hellip;\n","protected":false},"author":2,"featured_media":405318,"comment_status":"","ping_status":"","sticky":false,"template":"","format":"standard","meta":{"footnotes":""},"categories":[9619],"tags":[1111,11,1777,674,118,1011,27,12,882,25,2310,3366],"class_list":{"0":"post-405317","1":"post","2":"type-post","3":"status-publish","4":"format-standard","5":"has-post-thumbnail","7":"category-toulon","8":"tag-actu","9":"tag-actualites","10":"tag-eu","11":"tag-europe","12":"tag-faits-divers","13":"tag-fr","14":"tag-france","15":"tag-news","16":"tag-provence-alpes-cote-dazur","17":"tag-republique-francaise","18":"tag-toulon","19":"tag-vie-locale"},"share_on_mastodon":{"url":"https:\/\/pubeurope.com\/@fr\/115237784537538239","error":""},"_links":{"self":[{"href":"https:\/\/www.europesays.com\/fr\/wp-json\/wp\/v2\/posts\/405317","targetHints":{"allow":["GET"]}}],"collection":[{"href":"https:\/\/www.europesays.com\/fr\/wp-json\/wp\/v2\/posts"}],"about":[{"href":"https:\/\/www.europesays.com\/fr\/wp-json\/wp\/v2\/types\/post"}],"author":[{"embeddable":true,"href":"https:\/\/www.europesays.com\/fr\/wp-json\/wp\/v2\/users\/2"}],"replies":[{"embeddable":true,"href":"https:\/\/www.europesays.com\/fr\/wp-json\/wp\/v2\/comments?post=405317"}],"version-history":[{"count":0,"href":"https:\/\/www.europesays.com\/fr\/wp-json\/wp\/v2\/posts\/405317\/revisions"}],"wp:featuredmedia":[{"embeddable":true,"href":"https:\/\/www.europesays.com\/fr\/wp-json\/wp\/v2\/media\/405318"}],"wp:attachment":[{"href":"https:\/\/www.europesays.com\/fr\/wp-json\/wp\/v2\/media?parent=405317"}],"wp:term":[{"taxonomy":"category","embeddable":true,"href":"https:\/\/www.europesays.com\/fr\/wp-json\/wp\/v2\/categories?post=405317"},{"taxonomy":"post_tag","embeddable":true,"href":"https:\/\/www.europesays.com\/fr\/wp-json\/wp\/v2\/tags?post=405317"}],"curies":[{"name":"wp","href":"https:\/\/api.w.org\/{rel}","templated":true}]}}