{"id":405343,"date":"2025-09-20T17:39:23","date_gmt":"2025-09-20T17:39:23","guid":{"rendered":"https:\/\/www.europesays.com\/fr\/405343\/"},"modified":"2025-09-20T17:39:23","modified_gmt":"2025-09-20T17:39:23","slug":"nantes-arrache-le-match-nul-face-a-rennes-a-lissue-dun-derby-de-louest-totalement-fou","status":"publish","type":"post","link":"https:\/\/www.europesays.com\/fr\/405343\/","title":{"rendered":"Nantes arrache le match nul face \u00e0 Rennes, \u00e0 l&rsquo;issue d&rsquo;un derby de l&rsquo;Ouest totalement fou"},"content":{"rendered":"<p>Le Stade Rennais\u00a0a conc\u00e9d\u00e9 le match nul sur la pelouse du FC Nantes (2-2), ce samedi apr\u00e8s-midi, \u00e0 l&rsquo;occasion de la 5e journ\u00e9e de Ligue 1.<\/p>\n<p>Dans ce derby de l&rsquo;Ouest piment\u00e9 par les retours \u00e0 la Beaujoire de Valentin Rongier et de Quentin Merlin, form\u00e9s \u00e0 la Joneli\u00e8re et <a href=\"https:\/\/www.lejsl.com\/sport\/2025\/07\/18\/mercato-le-point-sur-les-transferts-estivaux-en-ligue-1-club-par-club\" target=\"_blank\" rel=\"nofollow noopener\">d\u00e9sormais dans les rangs bretons<\/a>, les visiteurs pensaient avoir fait le n\u00e9cessaire dans un premier acte ma\u00eetris\u00e9. Mais les Canaris n&rsquo;ont rien l\u00e2ch\u00e9 au retour des vestiaires, pour d\u00e9crocher sur le fil un match nul m\u00e9rit\u00e9.<\/p>\n<p>Lepaul et Samba d\u00e9cisifs<\/p>\n<p>Les Rennais\u00a0ont ouvert le score sur un penalty de Ludovic Blas (29e), g\u00e9n\u00e9reusement accord\u00e9 apr\u00e8s une main de Tylel Tati sur un centre d&rsquo;Esteban Lepaul. Six minutes plus tard, ce dernier a doubl\u00e9\u00a0la mise, \u00e0 la r\u00e9ception d&rsquo;un service en retrait parfait d&rsquo;Alidu Seidu (35e).\u00a0<\/p>\n<p>Ce contenu est bloqu\u00e9 car vous n&rsquo;avez pas accept\u00e9 les cookies et autres traceurs.<\/p>\n<p>En cliquant sur \u00ab J\u2019accepte \u00bb, les cookies et autres traceurs seront d\u00e9pos\u00e9s et vous pourrez visualiser les contenus  (<a href=\"\" class=\"consentModule_policy\" target=\"_blank\" title=\"Consulter la politique de protection des donn\u00e9es du fournisseur\">plus d&rsquo;informations<\/a>).<\/p>\n<p>En cliquant sur \u00ab J\u2019accepte tous les cookies \u00bb, vous autorisez des d\u00e9p\u00f4ts de cookies et autres traceurs pour le stockage de vos donn\u00e9es sur nos sites et applications \u00e0 des fins de personnalisation et de ciblage publicitaire.<\/p>\n<p class=\"consentModule_secondaryText\">Vous gardez la possibilit\u00e9 de retirer votre consentement \u00e0 tout moment en consultant notre <a href=\"https:\/\/www.lejsl.com\/protection-des-donnees\" target=\"_blank\" title=\"Consulter notre politique de protection des donn\u00e9es\" rel=\"nofollow noopener\">politique de protection des donn\u00e9es<\/a>. <br \/>&#13;<br \/>\n            <a href=\"https:\/\/www.lejsl.com\/sport\/2025\/09\/20\/javascript:Didomi.notice.show()\" class=\"consentModule_cmp\" rel=\"nofollow noopener\" target=\"_blank\">G\u00e9rer mes choix<\/a>&#13;\n        <\/p>\n<p>&#13;<br \/>\n                        J&rsquo;accepte&#13;<br \/>\n            J&rsquo;accepte tous les cookies&#13;\n        <\/p>\n<p class=\"componentDescription\">Le penalty de Ludovic Blas<\/p>\n<p>\t<img class=\"placeholder-svg\" loading=\"lazy\" decoding=\"async\" src=\"https:\/\/cdn-files.prsmedia.fr\/files\/REDAC\/images\/svg\/placeholders\/twitter-X.svg\" alt=\"Twitter PlaceHolder\"\/><\/p>\n<p>Dominants dans le jeu et en t\u00eate au tableau d&rsquo;affichage, les hommes d&rsquo;Habib Beye ont myst\u00e9rieusement abandonn\u00e9 le ballon au retour des vestiaires. Et \u00e0 force de reculer, ils se sont expos\u00e9s aux assauts nantais. Peu apr\u00e8s l&rsquo;heure de jeu, Junior Mwanga a r\u00e9duit l&rsquo;\u00e9cart apr\u00e8s un cafouillage dans la surface bretonne (64e), r\u00e9veillant le public de la Beaujoire.<\/p>\n<p>Dans une fin de partie \u00e0 sens unique en faveur des locaux, <a href=\"https:\/\/www.lejsl.com\/p\/brice-samba\" target=\"_blank\" rel=\"nofollow noopener\">Brice Samba<\/a> a tout d&rsquo;abord repouss\u00e9 sur sa droite un penalty de Mathis Abline (90e+1). Mais il n&rsquo;a rien pu faire sur une vol\u00e9e du v\u00e9t\u00e9ran marocain Youssef El-Arabi (90e+6), entr\u00e9 en cours de jeu et clinique pour profiter d&rsquo;un nouveau moment de flottement dans la d\u00e9fense adverse et \u00e9galiser.\u00a0<\/p>\n<p>Hateboer coupable<\/p>\n<p>Un coaching gagnant de la part de l&rsquo;entra\u00eeneur nantais Luis Castro. Son homologue rennais ne peut pas en dire autant, \u00e0 l&rsquo;image du d\u00e9fenseur rennais Hans Hateboer, fautif sur le penalty et coupable d&rsquo;une main sur la derni\u00e8re action du match, fatale aux Bretons.<\/p>\n<p>Ces derniers ne confirment pas <a href=\"https:\/\/www.lejsl.com\/sport\/2025\/09\/14\/ligue-1-rennes-renverse-dans-les-derniers-instants-un-ol-reduit-a-dix\" target=\"_blank\" rel=\"nofollow noopener\">leur succ\u00e8s face \u00e0 Lyon (3-1)<\/a>, sixi\u00e8mes provisoires avec huit points. Les Canaris pointent eux au treizi\u00e8me rang, en attendant les autres rencontres du week-end.<\/p>\n","protected":false},"excerpt":{"rendered":"Le Stade Rennais\u00a0a conc\u00e9d\u00e9 le match nul sur la pelouse du FC Nantes (2-2), ce samedi apr\u00e8s-midi, \u00e0&hellip;\n","protected":false},"author":2,"featured_media":405344,"comment_status":"","ping_status":"","sticky":false,"template":"","format":"standard","meta":{"footnotes":""},"categories":[2818],"tags":[1111,11,1777,674,107,63,1011,27,766,12,2636,25,517,1947],"class_list":{"0":"post-405343","1":"post","2":"type-post","3":"status-publish","4":"format-standard","5":"has-post-thumbnail","7":"category-nantes","8":"tag-actu","9":"tag-actualites","10":"tag-eu","11":"tag-europe","12":"tag-fil-info","13":"tag-football","14":"tag-fr","15":"tag-france","16":"tag-nantes","17":"tag-news","18":"tag-pays-de-la-loire","19":"tag-republique-francaise","20":"tag-sport","21":"tag-sport-national"},"share_on_mastodon":{"url":"https:\/\/pubeurope.com\/@fr\/115237851324139479","error":""},"_links":{"self":[{"href":"https:\/\/www.europesays.com\/fr\/wp-json\/wp\/v2\/posts\/405343","targetHints":{"allow":["GET"]}}],"collection":[{"href":"https:\/\/www.europesays.com\/fr\/wp-json\/wp\/v2\/posts"}],"about":[{"href":"https:\/\/www.europesays.com\/fr\/wp-json\/wp\/v2\/types\/post"}],"author":[{"embeddable":true,"href":"https:\/\/www.europesays.com\/fr\/wp-json\/wp\/v2\/users\/2"}],"replies":[{"embeddable":true,"href":"https:\/\/www.europesays.com\/fr\/wp-json\/wp\/v2\/comments?post=405343"}],"version-history":[{"count":0,"href":"https:\/\/www.europesays.com\/fr\/wp-json\/wp\/v2\/posts\/405343\/revisions"}],"wp:featuredmedia":[{"embeddable":true,"href":"https:\/\/www.europesays.com\/fr\/wp-json\/wp\/v2\/media\/405344"}],"wp:attachment":[{"href":"https:\/\/www.europesays.com\/fr\/wp-json\/wp\/v2\/media?parent=405343"}],"wp:term":[{"taxonomy":"category","embeddable":true,"href":"https:\/\/www.europesays.com\/fr\/wp-json\/wp\/v2\/categories?post=405343"},{"taxonomy":"post_tag","embeddable":true,"href":"https:\/\/www.europesays.com\/fr\/wp-json\/wp\/v2\/tags?post=405343"}],"curies":[{"name":"wp","href":"https:\/\/api.w.org\/{rel}","templated":true}]}}