{"id":405356,"date":"2025-09-20T17:46:11","date_gmt":"2025-09-20T17:46:11","guid":{"rendered":"https:\/\/www.europesays.com\/fr\/405356\/"},"modified":"2025-09-20T17:46:11","modified_gmt":"2025-09-20T17:46:11","slug":"le-petit-cab-une-nouvelle-salle-de-concerts-a-marseille-a-la-friche-la-belle-de-mai","status":"publish","type":"post","link":"https:\/\/www.europesays.com\/fr\/405356\/","title":{"rendered":"Le Petit Cab, une nouvelle salle de concerts \u00e0 Marseille, \u00e0 La Friche la Belle-de-Mai"},"content":{"rendered":"<p>Attenant au Cabaret Al\u00e9atoire, Le petit Cab, plong\u00e9 dans le noir et aux lignes brutes \u00e0 l\u2019image de La Friche, a \u00e9t\u00e9 inaugur\u00e9 ce jeudi 18\u00a0septembre avec une soir\u00e9e m\u00ealant rap, rock et dancehall. Dispos\u00e9 en deux espaces de 350 places &#8211; une partie bar ouvrant sur la salle de concerts proprement dite -, il est accessible depuis \u00ab\u00a0la rue int\u00e9rieure\u00a0\u00bb du site, et est g\u00e9r\u00e9 par la coop\u00e9ration Bisou, r\u00e9union de quatre acteurs des musiques actuelles r\u00e9sidents de La Friche\u00a0: Ami (Aide aux musiques innovatrices), <a href=\"https:\/\/www.laprovence.com\/article\/culture-loisirs\/64124467552383\/le-bon-air-un-festival-electro-arty-et-vertueux-a-la-friche-la-belle-de-mai\" target=\"_blank\" rel=\"noopener\">Bi\u00a0: Pole \u00e0 qui l\u2019on doit notamment le festival Le Bon Air<\/a>, Cabaret Al\u00e9atoire et Radio Grenouille-Euphonia, avec la Soci\u00e9t\u00e9 Coop\u00e9rative d\u2019Int\u00e9r\u00eat Collectif (SCIC) Friche la Belle-de-Mai. \u00ab\u00a0Il existe ici une tradition de la co-construction\u00a0\u00bb, se r\u00e9jouissait lors de l\u2019inauguration Alban Corbier-Labasse, directeur du vaste ensemble industrio-culturel. Avec ce nouveau lieu, tr\u00e8s peu exploit\u00e9 jusque-l\u00e0, il y voit une mani\u00e8re de \u00ab\u00a0repenser les musiques actuelles \u00e0 l\u2019\u00e9chelle de La Friche\u00a0\u00bb, Cartonnerie et toit-terrasse compris, ce qui aura forc\u00e9ment un impact sur la ville. \u00ab\u00a0On est nombreux \u00e0 se mettre autour de la table\u00a0\u00bb, poursuivait-il, \u00e9voquant aussi l\u2019envie \u00ab\u00a0de mieux travailler avec le territoi&#8230;<\/p>\n","protected":false},"excerpt":{"rendered":"Attenant au Cabaret Al\u00e9atoire, Le petit Cab, plong\u00e9 dans le noir et aux lignes brutes \u00e0 l\u2019image de&hellip;\n","protected":false},"author":2,"featured_media":405357,"comment_status":"","ping_status":"","sticky":false,"template":"","format":"standard","meta":{"footnotes":""},"categories":[2814],"tags":[17,1111,11,53674,4156,251,1777,674,1011,27,884,12,2043,15864,882,25,8878,96],"class_list":{"0":"post-405356","1":"post","2":"type-post","3":"status-publish","4":"format-standard","5":"has-post-thumbnail","7":"category-marseille","8":"tag-17","9":"tag-actu","10":"tag-actualites","11":"tag-cab","12":"tag-concerts","13":"tag-culture","14":"tag-eu","15":"tag-europe","16":"tag-fr","17":"tag-france","18":"tag-marseille","19":"tag-news","20":"tag-nouvelle","21":"tag-petit","22":"tag-provence-alpes-cote-dazur","23":"tag-republique-francaise","24":"tag-salle","25":"tag-une"},"share_on_mastodon":{"url":"https:\/\/pubeurope.com\/@fr\/115237878875243026","error":""},"_links":{"self":[{"href":"https:\/\/www.europesays.com\/fr\/wp-json\/wp\/v2\/posts\/405356","targetHints":{"allow":["GET"]}}],"collection":[{"href":"https:\/\/www.europesays.com\/fr\/wp-json\/wp\/v2\/posts"}],"about":[{"href":"https:\/\/www.europesays.com\/fr\/wp-json\/wp\/v2\/types\/post"}],"author":[{"embeddable":true,"href":"https:\/\/www.europesays.com\/fr\/wp-json\/wp\/v2\/users\/2"}],"replies":[{"embeddable":true,"href":"https:\/\/www.europesays.com\/fr\/wp-json\/wp\/v2\/comments?post=405356"}],"version-history":[{"count":0,"href":"https:\/\/www.europesays.com\/fr\/wp-json\/wp\/v2\/posts\/405356\/revisions"}],"wp:featuredmedia":[{"embeddable":true,"href":"https:\/\/www.europesays.com\/fr\/wp-json\/wp\/v2\/media\/405357"}],"wp:attachment":[{"href":"https:\/\/www.europesays.com\/fr\/wp-json\/wp\/v2\/media?parent=405356"}],"wp:term":[{"taxonomy":"category","embeddable":true,"href":"https:\/\/www.europesays.com\/fr\/wp-json\/wp\/v2\/categories?post=405356"},{"taxonomy":"post_tag","embeddable":true,"href":"https:\/\/www.europesays.com\/fr\/wp-json\/wp\/v2\/tags?post=405356"}],"curies":[{"name":"wp","href":"https:\/\/api.w.org\/{rel}","templated":true}]}}