{"id":405360,"date":"2025-09-20T17:48:17","date_gmt":"2025-09-20T17:48:17","guid":{"rendered":"https:\/\/www.europesays.com\/fr\/405360\/"},"modified":"2025-09-20T17:48:17","modified_gmt":"2025-09-20T17:48:17","slug":"en-images-le-monde-entier-defile-a-lyon-pour-la-fete-des-bannieres","status":"publish","type":"post","link":"https:\/\/www.europesays.com\/fr\/405360\/","title":{"rendered":"En images. Le monde entier d\u00e9file \u00e0 Lyon pour la F\u00eate des banni\u00e8res"},"content":{"rendered":"<p>La 21e F\u00eate des Banni\u00e8res du Monde est revenue, place du Mar\u00e9chal Lyautey dans le 6e, pour une \u00e9dition \u00e9blouissante et bariol\u00e9e ce samedi 20\u00a0septembre. Cette manifestation gratuite, orchestr\u00e9e par le Comit\u00e9 des f\u00eates de la Ville de Lyon et soutenue par la R\u00e9gion, explore la pluralit\u00e9 culturelle de plus de 35 nations via un village festif, sa grande parade et une sc\u00e8ne d\u00e9di\u00e9e aux danses du monde.<\/p>\n","protected":false},"excerpt":{"rendered":"La 21e F\u00eate des Banni\u00e8res du Monde est revenue, place du Mar\u00e9chal Lyautey dans le 6e, pour une&hellip;\n","protected":false},"author":2,"featured_media":405361,"comment_status":"","ping_status":"","sticky":false,"template":"","format":"standard","meta":{"footnotes":""},"categories":[1889],"tags":[1111,11,2430,1687,2757,1777,674,3326,1011,27,2798,2428,14926,2802,12,25],"class_list":{"0":"post-405360","1":"post","2":"type-post","3":"status-publish","4":"format-standard","5":"has-post-thumbnail","7":"category-lyon","8":"tag-actu","9":"tag-actualites","10":"tag-auvergne-rhone-alpes","11":"tag-culture-loisirs","12":"tag-edition-lyon-villeurbanne","13":"tag-eu","14":"tag-europe","15":"tag-fete-locale","16":"tag-fr","17":"tag-france","18":"tag-galerie-photo","19":"tag-lyon","20":"tag-lyon-6e","21":"tag-lyon-6e-arrondissement","22":"tag-news","23":"tag-republique-francaise"},"share_on_mastodon":{"url":"https:\/\/pubeurope.com\/@fr\/115237886809424452","error":""},"_links":{"self":[{"href":"https:\/\/www.europesays.com\/fr\/wp-json\/wp\/v2\/posts\/405360","targetHints":{"allow":["GET"]}}],"collection":[{"href":"https:\/\/www.europesays.com\/fr\/wp-json\/wp\/v2\/posts"}],"about":[{"href":"https:\/\/www.europesays.com\/fr\/wp-json\/wp\/v2\/types\/post"}],"author":[{"embeddable":true,"href":"https:\/\/www.europesays.com\/fr\/wp-json\/wp\/v2\/users\/2"}],"replies":[{"embeddable":true,"href":"https:\/\/www.europesays.com\/fr\/wp-json\/wp\/v2\/comments?post=405360"}],"version-history":[{"count":0,"href":"https:\/\/www.europesays.com\/fr\/wp-json\/wp\/v2\/posts\/405360\/revisions"}],"wp:featuredmedia":[{"embeddable":true,"href":"https:\/\/www.europesays.com\/fr\/wp-json\/wp\/v2\/media\/405361"}],"wp:attachment":[{"href":"https:\/\/www.europesays.com\/fr\/wp-json\/wp\/v2\/media?parent=405360"}],"wp:term":[{"taxonomy":"category","embeddable":true,"href":"https:\/\/www.europesays.com\/fr\/wp-json\/wp\/v2\/categories?post=405360"},{"taxonomy":"post_tag","embeddable":true,"href":"https:\/\/www.europesays.com\/fr\/wp-json\/wp\/v2\/tags?post=405360"}],"curies":[{"name":"wp","href":"https:\/\/api.w.org\/{rel}","templated":true}]}}