{"id":405362,"date":"2025-09-20T17:49:11","date_gmt":"2025-09-20T17:49:11","guid":{"rendered":"https:\/\/www.europesays.com\/fr\/405362\/"},"modified":"2025-09-20T17:49:11","modified_gmt":"2025-09-20T17:49:11","slug":"lyon-6e-exposition-cite-internationale","status":"publish","type":"post","link":"https:\/\/www.europesays.com\/fr\/405362\/","title":{"rendered":"Lyon 6e. Exposition Cit\u00e9 Internationale"},"content":{"rendered":"<p>L\u2019exposition, produite et financ\u00e9e par la mairie du 6e , en partenariat avec les Acteurs de la Cit\u00e9 Internationale, a d\u2019abord \u00e9t\u00e9 pr\u00e9sent\u00e9e sur place, parall\u00e8lement \u00e0 des concerts, animations et trattoria g\u00e9ante, dans la rue int\u00e9rieure, durant les festivit\u00e9s des 29 et 30\u00a0ao\u00fbt. Elle est le fruit d\u2019un important travail de recherche et de s\u00e9lection de Romain&#8230;<\/p>\n","protected":false},"excerpt":{"rendered":"L\u2019exposition, produite et financ\u00e9e par la mairie du 6e , en partenariat avec les Acteurs de la Cit\u00e9&hellip;\n","protected":false},"author":2,"featured_media":405363,"comment_status":"","ping_status":"","sticky":false,"template":"","format":"standard","meta":{"footnotes":""},"categories":[1889],"tags":[1111,11,2430,1687,2757,1777,674,2271,1011,27,2428,14926,2802,12,25],"class_list":{"0":"post-405362","1":"post","2":"type-post","3":"status-publish","4":"format-standard","5":"has-post-thumbnail","7":"category-lyon","8":"tag-actu","9":"tag-actualites","10":"tag-auvergne-rhone-alpes","11":"tag-culture-loisirs","12":"tag-edition-lyon-villeurbanne","13":"tag-eu","14":"tag-europe","15":"tag-exposition-arts-plastiques","16":"tag-fr","17":"tag-france","18":"tag-lyon","19":"tag-lyon-6e","20":"tag-lyon-6e-arrondissement","21":"tag-news","22":"tag-republique-francaise"},"share_on_mastodon":{"url":"https:\/\/pubeurope.com\/@fr\/115237890504950909","error":""},"_links":{"self":[{"href":"https:\/\/www.europesays.com\/fr\/wp-json\/wp\/v2\/posts\/405362","targetHints":{"allow":["GET"]}}],"collection":[{"href":"https:\/\/www.europesays.com\/fr\/wp-json\/wp\/v2\/posts"}],"about":[{"href":"https:\/\/www.europesays.com\/fr\/wp-json\/wp\/v2\/types\/post"}],"author":[{"embeddable":true,"href":"https:\/\/www.europesays.com\/fr\/wp-json\/wp\/v2\/users\/2"}],"replies":[{"embeddable":true,"href":"https:\/\/www.europesays.com\/fr\/wp-json\/wp\/v2\/comments?post=405362"}],"version-history":[{"count":0,"href":"https:\/\/www.europesays.com\/fr\/wp-json\/wp\/v2\/posts\/405362\/revisions"}],"wp:featuredmedia":[{"embeddable":true,"href":"https:\/\/www.europesays.com\/fr\/wp-json\/wp\/v2\/media\/405363"}],"wp:attachment":[{"href":"https:\/\/www.europesays.com\/fr\/wp-json\/wp\/v2\/media?parent=405362"}],"wp:term":[{"taxonomy":"category","embeddable":true,"href":"https:\/\/www.europesays.com\/fr\/wp-json\/wp\/v2\/categories?post=405362"},{"taxonomy":"post_tag","embeddable":true,"href":"https:\/\/www.europesays.com\/fr\/wp-json\/wp\/v2\/tags?post=405362"}],"curies":[{"name":"wp","href":"https:\/\/api.w.org\/{rel}","templated":true}]}}