{"id":405391,"date":"2025-09-20T18:07:22","date_gmt":"2025-09-20T18:07:22","guid":{"rendered":"https:\/\/www.europesays.com\/fr\/405391\/"},"modified":"2025-09-20T18:07:22","modified_gmt":"2025-09-20T18:07:22","slug":"les-relations-diplomatiques-entre-israel-et-la-france-au-plus-bas","status":"publish","type":"post","link":"https:\/\/www.europesays.com\/fr\/405391\/","title":{"rendered":"les relations diplomatiques entre Isra\u00ebl et la France au plus bas"},"content":{"rendered":"<p>D\u00e8s <a target=\"_self\" href=\"https:\/\/www.lanouvellerepublique.fr\/a-la-une\/la-france-va-reconnaitre-l-etat-de-palestine-en-septembre-annonce-emmanuel-macron-1753385282\" rel=\"nofollow noopener\">l\u2019annonce d\u2019Emmanuel Macron de son intention de reconna\u00eetre un \u00c9tat palestinien<\/a>, ce qu\u2019il fera officiellement lundi 22\u00a0septembre au si\u00e8ge new-yorkais de l\u2019Onu, Isra\u00ebl avait fulmin\u00e9.\u00a0En ao\u00fbt, son premier ministre, Benyamin Netanyahou, <a target=\"_self\" href=\"https:\/\/www.lanouvellerepublique.fr\/a-la-une\/benyamin-netanyahou-accuse-emmanuel-macron-d-alimenter-le-feu-antisemite-1755621202\" rel=\"nofollow noopener\">avait accus\u00e9 Emmanuel Macron<\/a> \u00ab\u00a0d\u2019alimenter le feu antis\u00e9mite\u00a0\u00bb et de faire le jeu du Hamas, auteur de l\u2019attaque sanglante du 7\u00a0octobre 2023 qui a d\u00e9clench\u00e9 en repr\u00e9sailles <a target=\"_self\" href=\"https:\/\/www.lanouvellerepublique.fr\/france-monde\/israel\" rel=\"nofollow noopener\">une guerre d\u00e9vastatrice \u00e0 Gaza<\/a>.\u00a0Le chef de l\u2019\u00c9tat s\u2019\u00e9tait indign\u00e9 de cette offense \u00e0 la France \u00ab\u00a0tout enti\u00e8re\u00a0\u00bb et avait d\u00e9fendu son initiative diplomatique, y voyant au contraire une \u00ab\u00a0main tendue\u00a0\u00bb \u00e0 Isra\u00ebl pour une \u00ab\u00a0paix durable\u00a0\u00bb.<\/p>\n<p>Avant m\u00eame l\u2019officialisation de la reconnaissance, les autorit\u00e9s isra\u00e9liennes ont brandi des menaces, au premier rang desquelles figure l\u2019annexion de tout ou partie de la Cisjordanie. <a target=\"_self\" href=\"https:\/\/www.lanouvellerepublique.fr\/a-la-une\/reconnaissance-de-la-palestine-l-annexion-de-la-cisjordanie-est-une-ligne-rouge-claire-previent-la-presidence-francaise-1758306667\" rel=\"nofollow noopener\">L\u2019\u00c9lys\u00e9e a averti vendredi soir<\/a> qu\u2019une telle annexion constituerait \u00ab\u00a0une ligne rouge claire\u00a0\u00bb.\u00a0Visant plus particuli\u00e8rement la France, Isra\u00ebl pourrait aussi fermer son consulat \u00e0 J\u00e9rusalem ou r\u00e9duire la coop\u00e9ration militaire et de d\u00e9fense. Des mesures cons\u00e9quentes, sans toutefois aller jusqu\u2019\u00e0 la rupture diplomatique, estiment des diplomates des deux c\u00f4t\u00e9s.\u00a0Il faut n\u00e9anmoins s\u2019attendre \u00e0 \u00ab\u00a0beaucoup de bruit\u00a0\u00bb, confie l\u2019un d\u2019eux, pr\u00e9disant des joutes verbales publiques.<\/p>\n<p>Des mesures sur les visas diplomatiques<\/p>\n<p>L\u2019effet le plus imm\u00e9diat\u00a0: Emmanuel Macron est persona non grata en Isra\u00ebl jusqu\u2019\u00e0 nouvel ordre, alors qu\u2019il a reconnu avoir \u00ab\u00a0propos\u00e9 de s\u2019y rendre\u00a0\u00bb en amont de cette reconnaissance pour expliquer sa d\u00e9marche. Pour autant, il assure maintenir le contact avec Benyamin Netanyahou, auquel il a encore parl\u00e9 dimanche, selon son entourage.<\/p>\n<p>\u00c0 Paris, on reste discret sur les contre-mesures pr\u00e9vues, mais on promet une r\u00e9ponse forte sur la base de la r\u00e9ciprocit\u00e9.\u00a0Denis Bauchard, ancien ambassadeur et expert \u00e0 l\u2019Institut fran\u00e7ais des relations internationales (Ifri), \u00e9voque par exemple des mesures sur les visas diplomatiques. Selon lui, l\u2019ambassade d\u2019Isra\u00ebl en France est \u00ab\u00a0surpeupl\u00e9e\u00a0\u00bb, avec \u00ab\u00a0\u00e9norm\u00e9ment de personnes qui disposent d\u2019un passeport diplomatique alors que manifestement leur activit\u00e9 rel\u00e8ve plut\u00f4t des services de renseignement\u00a0\u00bb. La diplomatie fran\u00e7aise a en tout cas assur\u00e9 qu\u2019elle ne \u00ab\u00a0transigerait jamais\u00a0\u00bb avec \u00ab\u00a0la s\u00e9curit\u00e9 des ambassades \u00e9trang\u00e8res\u00a0\u00bb et r\u00e9fut\u00e9 toute vell\u00e9it\u00e9 d\u2019all\u00e9ger la protection accord\u00e9e \u00e0 l\u2019ambassadeur d\u2019Isra\u00ebl \u00e0 Paris.<\/p>\n<p>Les observateurs s\u2019inqui\u00e8tent surtout des r\u00e9percussions sur le terrain pour les Palestiniens. \u00ab\u00a0Les Isra\u00e9liens sont pr\u00eats \u00e0 tout et la riposte fran\u00e7aise risque d\u2019\u00eatre assez limit\u00e9e\u00a0\u00bb, estime Agn\u00e8s Levallois, sp\u00e9cialiste du Moyen-Orient. Selon elle, la fermeture du consulat fran\u00e7ais \u00e0 J\u00e9rusalem serait \u00ab\u00a0catastrophique\u00a0\u00bb car c\u2019est un point de contact fondamental avec les Palestiniens.\u00a0Avec la potentielle annexion de la Cisjordanie, \u00ab\u00a0in fine, ce sont les Palestiniens qui ont le plus \u00e0 perdre dans cette crise\u00a0\u00bb, opine-t-elle.<\/p>\n<p>L\u2019image de la France en Isra\u00ebl<\/p>\n<p><a target=\"_self\" href=\"https:\/\/www.lanouvellerepublique.fr\/a-la-une\/cisjordanie-un-ministre-israelien-annonce-la-creation-de-22-nouvelles-colonies-juives-1748504926\" rel=\"nofollow noopener\">Isra\u00ebl a le projet d\u2019\u00e9tendre ses colonies en Cisjordanie<\/a>, un territoire qu\u2019il occupe ill\u00e9galement depuis 1967. En ao\u00fbt, <a target=\"_self\" href=\"https:\/\/www.lanouvellerepublique.fr\/a-la-une\/israel-approuve-un-plan-de-colonisation-qui-couperait-en-deux-la-cisjordanie-1755755858\" rel=\"nofollow noopener\">le gouvernement isra\u00e9lien y a approuv\u00e9 la construction de nouveaux logements<\/a>, un projet jug\u00e9 mena\u00e7ant pour la viabilit\u00e9 d\u2019un futur \u00c9tat palestinien. \u00ab\u00a0C\u2019est injuste et irresponsable\u00a0\u00bb, \u00ab\u00a0la Cisjordanie n\u2019a rien \u00e0 voir avec le Hamas\u00a0\u00bb, a protest\u00e9 Emmanuel Macron dans un entretien jeudi \u00e0 la cha\u00eene isra\u00e9lienne 12. Il a dit y voir la preuve que le \u00ab\u00a0projet politique\u00a0\u00bb des autorit\u00e9s isra\u00e9liennes \u00ab\u00a0n\u2019est pas de d\u00e9manteler le Hamas, mais de tuer la possibilit\u00e9 d\u2019avoir deux \u00c9tats\u00a0\u00bb.<\/p>\n<p>\u00ab\u00a0Depuis le d\u00e9but, nous avons fait savoir qu\u2019une reconnaissance d\u2019un \u00c9tat palestinien par la France, sans aucune condition, allait compliquer la situation sur le terrain plut\u00f4t que de faire avancer la paix\u00a0\u00bb, a r\u00e9torqu\u00e9 Joshua Zarka, l\u2019ambassadeur d\u2019Isra\u00ebl \u00e0 Paris. \u00ab\u00a0Si le pr\u00e9sident Macron avait mis quelques conditions \u2013 une reconnaissance apr\u00e8s la lib\u00e9ration des otages et la d\u00e9militarisation du Hamas \u2013, la dynamique aurait \u00e9t\u00e9 diff\u00e9rente\u00a0\u00bb, estime-t-il.<\/p>\n<p>Pour G\u00e9rard Araud, ancien ambassadeur de France en Isra\u00ebl et aux \u00c9tats-Unis, les relations franco-isra\u00e9liennes \u00ab\u00a0sont cass\u00e9es durablement\u00a0\u00bb car, au-del\u00e0 de la relation difficile Macron-Netanyahou, la France n\u2019est pas populaire au sein de la population isra\u00e9lienne. De longue date, elle \u00ab\u00a0est consid\u00e9r\u00e9e comme antis\u00e9mite, l\u2019ennemi de l\u2019\u00c9tat d\u2019Isra\u00ebl et l\u2019ami des Palestiniens\u00a0\u00bb, souligne-t-il. \u00ab\u00a0Mon but sera de calmer les esprits le plus rapidement possible\u00a0\u00bb, promet l\u2019ambassadeur Joshua Zarka, faute d\u2019une relation apais\u00e9e.<\/p>\n","protected":false},"excerpt":{"rendered":"D\u00e8s l\u2019annonce d\u2019Emmanuel Macron de son intention de reconna\u00eetre un \u00c9tat palestinien, ce qu\u2019il fera officiellement lundi 22\u00a0septembre&hellip;\n","protected":false},"author":2,"featured_media":405392,"comment_status":"","ping_status":"","sticky":false,"template":"","format":"standard","meta":{"footnotes":""},"categories":[4],"tags":[328,11,1073,1011,27,329,665,664,74,12,25],"class_list":{"0":"post-405391","1":"post","2":"type-post","3":"status-publish","4":"format-standard","5":"has-post-thumbnail","7":"category-france","8":"tag-a-la-une","9":"tag-actualites","10":"tag-emmanuel-macron","11":"tag-fr","12":"tag-france","13":"tag-france-monde","14":"tag-gaza","15":"tag-israel","16":"tag-monde","17":"tag-news","18":"tag-republique-francaise"},"share_on_mastodon":{"url":"https:\/\/pubeurope.com\/@fr\/115237961332081873","error":""},"_links":{"self":[{"href":"https:\/\/www.europesays.com\/fr\/wp-json\/wp\/v2\/posts\/405391","targetHints":{"allow":["GET"]}}],"collection":[{"href":"https:\/\/www.europesays.com\/fr\/wp-json\/wp\/v2\/posts"}],"about":[{"href":"https:\/\/www.europesays.com\/fr\/wp-json\/wp\/v2\/types\/post"}],"author":[{"embeddable":true,"href":"https:\/\/www.europesays.com\/fr\/wp-json\/wp\/v2\/users\/2"}],"replies":[{"embeddable":true,"href":"https:\/\/www.europesays.com\/fr\/wp-json\/wp\/v2\/comments?post=405391"}],"version-history":[{"count":0,"href":"https:\/\/www.europesays.com\/fr\/wp-json\/wp\/v2\/posts\/405391\/revisions"}],"wp:featuredmedia":[{"embeddable":true,"href":"https:\/\/www.europesays.com\/fr\/wp-json\/wp\/v2\/media\/405392"}],"wp:attachment":[{"href":"https:\/\/www.europesays.com\/fr\/wp-json\/wp\/v2\/media?parent=405391"}],"wp:term":[{"taxonomy":"category","embeddable":true,"href":"https:\/\/www.europesays.com\/fr\/wp-json\/wp\/v2\/categories?post=405391"},{"taxonomy":"post_tag","embeddable":true,"href":"https:\/\/www.europesays.com\/fr\/wp-json\/wp\/v2\/tags?post=405391"}],"curies":[{"name":"wp","href":"https:\/\/api.w.org\/{rel}","templated":true}]}}