{"id":405401,"date":"2025-09-20T18:16:12","date_gmt":"2025-09-20T18:16:12","guid":{"rendered":"https:\/\/www.europesays.com\/fr\/405401\/"},"modified":"2025-09-20T18:16:12","modified_gmt":"2025-09-20T18:16:12","slug":"barcola-incertain-a-marseille","status":"publish","type":"post","link":"https:\/\/www.europesays.com\/fr\/405401\/","title":{"rendered":"Barcola incertain \u00e0 Marseille ?"},"content":{"rendered":"<p>L\u2019ailier parisien de 23 ans n\u2019a pas effectu\u00e9 l\u2019int\u00e9gralit\u00e9 de la s\u00e9ance d\u2019entra\u00eenement de ce samedi, au Campus, \u00e0 la veille du d\u00e9placement au V\u00e9lodrome contre l\u2019OM, dimanche.<\/p>\n<p class=\"fig-paragraph\">Un p\u00e9pin de plus pour le PSG\u00a0? D\u00e9j\u00e0 priv\u00e9\u00a0<a href=\"http:\/\/www.lefigaro.fr\/sports\/football\/ligue-1\/psg-programme-hierarchie-risques-la-vie-sans-dembele-et-doue-en-cinq-questions-20250913\" data-fig-type=\"NewsFlash\" data-gtm-custom-categorie=\"navigation\" data-gtm-custom-action=\"crossclick\" data-gtm-custom-label=\"Contextuel\" data-gtm-event=\"customEventSPE\" data-fig-domain=\"LEFIGARO\" target=\"_blank\" rel=\"noopener\">d&rsquo;Ousmane Demb\u00e9l\u00e9 et D\u00e9sir\u00e9 Dou\u00e9<\/a>\u00a0en attaque, mais aussi de\u00a0<a href=\"http:\/\/www.lefigaro.fr\/sports\/football\/ligue-1\/psg-touche-face-a-l-atalanta-neves-forfait-contre-l-om-20250918\" data-fig-type=\"NewsFlash\" data-gtm-custom-categorie=\"navigation\" data-gtm-custom-action=\"crossclick\" data-gtm-custom-label=\"Contextuel\" data-gtm-event=\"customEventSPE\" data-fig-domain=\"LEFIGARO\" target=\"_blank\" rel=\"noopener\">Jo\u00e3o Neves, au milieu de terrain<\/a>, en vue du Classique, dimanche (20h45), \u00e0 Marseille, le club de la capitale pourrait aussi devoir se passer des services de Bradley Barcola. Comme le rapporte le journal\u00a0<a href=\"https:\/\/www.lequipe.fr\/Football\/Actualites\/Bradley-barcola-incertain-pour-le-classique-entre-l-om-et-le-psg\/1595172\" target=\"_blank\" rel=\"sponsored noopener\" data-gtm-custom-categorie=\"navigation\" data-gtm-custom-action=\"crossclick\" data-gtm-custom-label=\"Contextuel\" data-gtm-event=\"customEventSPE\">L\u2019\u00c9quipe<\/a> \u00a0ce samedi apr\u00e8s-midi, l\u2019ailier international fran\u00e7ais (16 s\u00e9l., 3 buts) de 23 ans \u00abn\u2019a pas effectu\u00e9 la totalit\u00e9 de la s\u00e9ance d\u2019entra\u00eenement\u00bb avec le reste de ses petits camarades, ce samedi, au Campus de Poissy. Et ce en raison d\u2019une \u00abl\u00e9g\u00e8re douleur musculaire\u00bb. L\u2019AFP pr\u00e9cise que l\u2019ex-Lyonnais \u00aba ressenti cette g\u00eane musculaire \u00e0 l&rsquo;issue du match\u00bb de mercredi\u00a0<a href=\"http:\/\/www.lefigaro.fr\/sports\/football\/ligue-des-champions\/les-notes-du-psg-contre-l-atalanta-le-symbole-marquinhos-mendes-delicieux-kvara-magique-20250917\" data-fig-type=\"NewsFlash\" data-gtm-custom-categorie=\"navigation\" data-gtm-custom-action=\"crossclick\" data-gtm-custom-label=\"Contextuel\" data-gtm-event=\"customEventSPE\" data-fig-domain=\"LEFIGARO\" target=\"_blank\" rel=\"noopener\">contre l\u2019Atalanta (4-0)<\/a>. Un match lors duquel Barcola a jou\u00e9 les 90 minutes.<\/p>\n<p class=\"fig-paragraph\">Tout porte \u00e0 croire que Barcola sera dans le groupe pour le Classique. La liste sera communiqu\u00e9e dimanche matin. Il ne serait toutefois pas surprenant de le voir d\u00e9buter sur le banc&#8230; \u00c0 noter que Lucas Beraldo, touch\u00e9 \u00e0 une cheville et sorti sur civi\u00e8re\u00a0<a href=\"http:\/\/www.lefigaro.fr\/sports\/football\/ligue-1\/psg-lens-barcola-voit-double-thauvin-brille-l-infirmerie-parisienne-deborde-les-tops-et-flops-20250914\" data-fig-type=\"NewsFlash\" data-gtm-custom-categorie=\"navigation\" data-gtm-custom-action=\"crossclick\" data-gtm-custom-label=\"Contextuel\" data-gtm-event=\"customEventSPE\" data-fig-domain=\"LEFIGARO\" target=\"_blank\" rel=\"noopener\">contre Lens (2-0)<\/a>\u00a0dimanche dernier, s\u2019est entra\u00een\u00e9 ce samedi, comme l\u2019indique l\u2019AFP. En cas de forfait de Bradley Barcola dimanche, ou s\u2019il ne peut pas d\u00e9buter, Luis Enrique ne disposerait que de trois \u00abvrais\u00bb joueurs offensifs, Khvicha Kvaratskhelia, Kang-in Lee et le jeune (17 ans) Ibrahim Mbaye. Le coach espagnol a toutefois align\u00e9\u00a0<a href=\"http:\/\/www.lefigaro.fr\/sports\/football\/ligue-des-champions\/psg-atalanta-kvaratskhelia-aligne-la-surprise-mayulu-la-composition-parisienne-pour-ce-premier-match-20250917\" data-fig-type=\"NewsFlash\" data-gtm-custom-categorie=\"navigation\" data-gtm-custom-action=\"crossclick\" data-gtm-custom-label=\"Contextuel\" data-gtm-event=\"customEventSPE\" data-fig-domain=\"LEFIGARO\" target=\"_blank\" rel=\"noopener\">le milieu Senny Mayulu en \u00abfaux 9\u00bb en C1<\/a>. Pour ce qui est du milieu, c\u2019est Warren Za\u00efre-Emery qui devrait \u00eatre choisi pour accompagner Fabi\u00e1n Ruiz et Vitinha.<\/p>\n","protected":false},"excerpt":{"rendered":"L\u2019ailier parisien de 23 ans n\u2019a pas effectu\u00e9 l\u2019int\u00e9gralit\u00e9 de la s\u00e9ance d\u2019entra\u00eenement de ce samedi, au Campus,&hellip;\n","protected":false},"author":2,"featured_media":405402,"comment_status":"","ping_status":"","sticky":false,"template":"","format":"standard","meta":{"footnotes":""},"categories":[1410],"tags":[63,1011,27,884,149,93,60],"class_list":{"0":"post-405401","1":"post","2":"type-post","3":"status-publish","4":"format-standard","5":"has-post-thumbnail","7":"category-football","8":"tag-football","9":"tag-fr","10":"tag-france","11":"tag-marseille","12":"tag-om","13":"tag-psg","14":"tag-sports"},"share_on_mastodon":{"url":"https:\/\/pubeurope.com\/@fr\/115237996873465343","error":""},"_links":{"self":[{"href":"https:\/\/www.europesays.com\/fr\/wp-json\/wp\/v2\/posts\/405401","targetHints":{"allow":["GET"]}}],"collection":[{"href":"https:\/\/www.europesays.com\/fr\/wp-json\/wp\/v2\/posts"}],"about":[{"href":"https:\/\/www.europesays.com\/fr\/wp-json\/wp\/v2\/types\/post"}],"author":[{"embeddable":true,"href":"https:\/\/www.europesays.com\/fr\/wp-json\/wp\/v2\/users\/2"}],"replies":[{"embeddable":true,"href":"https:\/\/www.europesays.com\/fr\/wp-json\/wp\/v2\/comments?post=405401"}],"version-history":[{"count":0,"href":"https:\/\/www.europesays.com\/fr\/wp-json\/wp\/v2\/posts\/405401\/revisions"}],"wp:featuredmedia":[{"embeddable":true,"href":"https:\/\/www.europesays.com\/fr\/wp-json\/wp\/v2\/media\/405402"}],"wp:attachment":[{"href":"https:\/\/www.europesays.com\/fr\/wp-json\/wp\/v2\/media?parent=405401"}],"wp:term":[{"taxonomy":"category","embeddable":true,"href":"https:\/\/www.europesays.com\/fr\/wp-json\/wp\/v2\/categories?post=405401"},{"taxonomy":"post_tag","embeddable":true,"href":"https:\/\/www.europesays.com\/fr\/wp-json\/wp\/v2\/tags?post=405401"}],"curies":[{"name":"wp","href":"https:\/\/api.w.org\/{rel}","templated":true}]}}