{"id":405415,"date":"2025-09-20T18:24:15","date_gmt":"2025-09-20T18:24:15","guid":{"rendered":"https:\/\/www.europesays.com\/fr\/405415\/"},"modified":"2025-09-20T18:24:15","modified_gmt":"2025-09-20T18:24:15","slug":"apres-60-ans-voici-le-nombre-de-reveils-nocturnes-juge-normal-par-linstitut-national-du-sommeil-et-de-la-vigilance","status":"publish","type":"post","link":"https:\/\/www.europesays.com\/fr\/405415\/","title":{"rendered":"Apr\u00e8s 60 ans, voici le nombre de r\u00e9veils nocturnes jug\u00e9 normal par l&rsquo;Institut National du Sommeil et de la Vigilance"},"content":{"rendered":"<p>Il est 3 h du matin. Vous ouvrez les yeux, encore une fois. Vous ne comptez plus les r\u00e9veils depuis que vous avez souffl\u00e9 vos <strong>60 bougies.<\/strong> Est-ce normal ? Faut-il s\u2019en inqui\u00e9ter ? D\u2019un simple passage aux toilettes \u00e0 une vraie rupture de sommeil, ces interruptions nocturnes peuvent rapidement peser sur la forme du lendemain. Bonne nouvelle : les m\u00e9decins du sommeil se sont pench\u00e9s sur la question et apportent des rep\u00e8res clairs<\/p>\n<p>    R\u00e9veils nocturnes \u00e0 60 ans : ce que dit l\u2019Institut du Sommeil <\/p>\n<p>\u00c0 60 ans pass\u00e9s, rares sont ceux qui dorment d\u2019une seule traite jusqu\u2019au matin. Les nuits se morcellent, les r\u00e9veils s\u2019invitent parfois \u00e0 plusieurs reprises. Comme le relate <a href=\"https:\/\/www.mariefrance.fr\/equilibre\/apres-60-ans-nombre-normal-reveils-nocturne-linstitut-national-sommeil-vigilance-1204314.html?utm_source=Facebook_Nonli&amp;utm_medium=Social&amp;utm_campaign=Nonli\" rel=\"nofollow noopener\" target=\"_blank\">Marie France<\/a>, selon l\u2019Institut National du Sommeil et de la Vigilance (INSV), <strong>se r\u00e9veiller pendant la nuit n\u2019a rien d\u2019anormal<\/strong>. \u00ab\u00a0On consid\u00e8re qu\u2019entre 0 et 1 r\u00e9veil conscient (o\u00f9 l\u2019on est pleinement \u00e9veill\u00e9 et dont on se souvient le lendemain) est tout \u00e0 fait normal\u00a0\u00bb, expliquent-ils \u00e0 propos des plus jeunes.<\/p>\n<p>Mais \u00e0 mesure que l\u2019on vieillit, <a href=\"https:\/\/www.modesettravaux.fr\/beaute-bien-etre\/sante-beaute-bien-etre\/sendormir-en-une-minute-la-technique-etonnante-du-dr-jimmy-mohamed-pour-trouver-le-sommeil-en-un-clin-doeil-62732.html\" rel=\"nofollow noopener\" target=\"_blank\">le sommeil<\/a> perd en continuit\u00e9. Entre <strong>30 et 60 ans, 1 \u00e0 2 r\u00e9veils<\/strong> nocturnes brefs deviennent monnaie courante. Et<strong> apr\u00e8s 60 ans<\/strong>, les nuits peuvent \u00eatre entrecoup\u00e9es de <strong>2 \u00e0 4 r\u00e9veils<\/strong> sans que cela soit n\u00e9cessairement le signe d\u2019un trouble.<\/p>\n<p>    <img loading=\"lazy\" decoding=\"async\" aria-describedby=\"caption-attachment-134322\" itemprop=\"thumbnailUrl\" class=\"size-large wp-image-134322 img-responsive \" src=\"https:\/\/www.europesays.com\/fr\/wp-content\/uploads\/2025\/09\/shutterstock_2421554771-1-1024x684.jpg\" alt=\"\" width=\"1024\" height=\"684\"\/> \u00a9  Shutterstock<\/p>\n<p id=\"caption-attachment-134322\" class=\"wp-caption-text\">\u00c0 60 ans, se r\u00e9veiller entre deux et quatre fois par nuit est fr\u00e9quent et g\u00e9n\u00e9ralement sans gravit\u00e9, selon l\u2019Institut du Sommeil<\/p>\n<p> Pourquoi le sommeil se fragmente avec l\u2019\u00e2ge ? <\/p>\n<p>D\u00a0\u00bbapr\u00e8s<a href=\"https:\/\/sante.journaldesfemmes.fr\/quotidien\/3234528-nombre-normal-reveils-par-nuit-par-age\/\" rel=\"nofollow noopener\" target=\"_blank\"> le journal des femmes<\/a>, le Dr Jo\u00eblle Adrien, neurobiologiste et directrice de recherche \u00e0 l\u2019INSV, rappelle dans son ouvrage que \u00ab\u00a0Avec l&rsquo;\u00e2ge, le sommeil se fragmente naturellement. Les personnes \u00e2g\u00e9es passent moins de temps en sommeil profond et leurs cycles de sommeil sont plus courts. Les r\u00e9veils sont donc plus fr\u00e9quents et plus longs. Il faut d\u00e9dramatiser ces r\u00e9veils et ne pas les consid\u00e9rer syst\u00e9matiquement comme de l&rsquo;insomnie\u00a0\u00bb.<\/p>\n<p>Ces r\u00e9veils peuvent s\u2019expliquer par des besoins physiologiques : <strong>envie d\u2019uriner, soif, douleurs articulaires ou encore apn\u00e9e du sommei<\/strong>l. \u00ab\u00a0A 60 ans, il n&rsquo;est donc pas rare de se r\u00e9veiller 2 \u00e0 4 fois par nuit, en raison de besoins physiologiques (envies de faire pipi, soif), de douleurs ou de certaines conditions m\u00e9dicales (mal de dos\u2026)\u00a0\u00bb.<\/p>\n<p> <img loading=\"lazy\" decoding=\"async\" aria-describedby=\"caption-attachment-54677\" class=\"size-full wp-image-54677 img-responsive \" src=\"https:\/\/www.europesays.com\/fr\/wp-content\/uploads\/2025\/09\/shutterstock_1498236362.jpg\" alt=\"\" width=\"977\" height=\"651\"\/> \u00a9  @Shutterstock<\/p>\n<p id=\"caption-attachment-54677\" class=\"wp-caption-text\">Avec l\u2019\u00e2ge, le sommeil devient plus l\u00e9ger, les cycles se raccourcissent et les r\u00e9veils nocturnes se multiplient<\/p>\n<p>    Au-del\u00e0 de quatre r\u00e9veils, faut-il consulter un m\u00e9decin ? <\/p>\n<p>Si les <a href=\"https:\/\/www.modesettravaux.fr\/trucs-et-astuces\/fallait-le-savoir\/voici-pourquoi-vous-vous-reveillez-a-3h-du-matin-selon-la-science-148571.html\" rel=\"nofollow noopener\" target=\"_blank\">r\u00e9veils<\/a> deviennent trop fr\u00e9quents, qu\u2019ils s\u2019accompagnent de difficult\u00e9s \u00e0 se rendormir, de ronflements bruyants, de pauses respiratoires ou de <strong>fatigue persistante<\/strong> dans la journ\u00e9e, une consultation s\u2019impose. \u00ab\u00a0Au-del\u00e0 de quatre r\u00e9veils par nuit en revanche, il vaut mieux consulter son m\u00e9decin\u00a0\u00bb, insiste l\u2019INSV.<\/p>\n<p>Dans certains cas, la m\u00e9latonine peut aider \u00e0 retrouver <strong>un sommeil plus stable<\/strong>. Cette hormone naturelle favorise l\u2019endormissement et peut <a href=\"https:\/\/www.modesettravaux.fr\/beaute-bien-etre\/sante-beaute-bien-etre\/ce-simple-objet-dans-votre-salon-perturbe-gravement-votre-sommeil-selon-la-science-138076.html\" rel=\"nofollow noopener\" target=\"_blank\">limiter les r\u00e9veils nocturnes<\/a> li\u00e9s \u00e0 l\u2019\u00e2ge. Toutefois, seul un professionnel de sant\u00e9 peut juger de sa pertinence dans chaque situation.<\/p>\n","protected":false},"excerpt":{"rendered":"Il est 3 h du matin. Vous ouvrez les yeux, encore une fois. Vous ne comptez plus les&hellip;\n","protected":false},"author":2,"featured_media":405416,"comment_status":"","ping_status":"","sticky":false,"template":"","format":"standard","meta":{"footnotes":""},"categories":[10],"tags":[1011,27,43274,72,71],"class_list":{"0":"post-405415","1":"post","2":"type-post","3":"status-publish","4":"format-standard","5":"has-post-thumbnail","7":"category-sante","8":"tag-fr","9":"tag-france","10":"tag-ga1","11":"tag-health","12":"tag-sante"},"share_on_mastodon":{"url":"https:\/\/pubeurope.com\/@fr\/115238028730745023","error":""},"_links":{"self":[{"href":"https:\/\/www.europesays.com\/fr\/wp-json\/wp\/v2\/posts\/405415","targetHints":{"allow":["GET"]}}],"collection":[{"href":"https:\/\/www.europesays.com\/fr\/wp-json\/wp\/v2\/posts"}],"about":[{"href":"https:\/\/www.europesays.com\/fr\/wp-json\/wp\/v2\/types\/post"}],"author":[{"embeddable":true,"href":"https:\/\/www.europesays.com\/fr\/wp-json\/wp\/v2\/users\/2"}],"replies":[{"embeddable":true,"href":"https:\/\/www.europesays.com\/fr\/wp-json\/wp\/v2\/comments?post=405415"}],"version-history":[{"count":0,"href":"https:\/\/www.europesays.com\/fr\/wp-json\/wp\/v2\/posts\/405415\/revisions"}],"wp:featuredmedia":[{"embeddable":true,"href":"https:\/\/www.europesays.com\/fr\/wp-json\/wp\/v2\/media\/405416"}],"wp:attachment":[{"href":"https:\/\/www.europesays.com\/fr\/wp-json\/wp\/v2\/media?parent=405415"}],"wp:term":[{"taxonomy":"category","embeddable":true,"href":"https:\/\/www.europesays.com\/fr\/wp-json\/wp\/v2\/categories?post=405415"},{"taxonomy":"post_tag","embeddable":true,"href":"https:\/\/www.europesays.com\/fr\/wp-json\/wp\/v2\/tags?post=405415"}],"curies":[{"name":"wp","href":"https:\/\/api.w.org\/{rel}","templated":true}]}}