{"id":405423,"date":"2025-09-20T18:28:11","date_gmt":"2025-09-20T18:28:11","guid":{"rendered":"https:\/\/www.europesays.com\/fr\/405423\/"},"modified":"2025-09-20T18:28:11","modified_gmt":"2025-09-20T18:28:11","slug":"bernard-arnault-qualifie-gabriel-zucman-de-militant-dextreme-gauche","status":"publish","type":"post","link":"https:\/\/www.europesays.com\/fr\/405423\/","title":{"rendered":"Bernard Arnault qualifie Gabriel Zucman de \u00abmilitant d&rsquo;extr\u00eame gauche\u00bb"},"content":{"rendered":"<p>L\u2019homme d\u2019affaires fran\u00e7ais a \u00e9galement tanc\u00e9 la \u00abpseudo-comp\u00e9tence universitaire qui fait largement d\u00e9bat\u00bb de l\u2019\u00e9conomiste, qui \u00abvise la destruction de l\u2019\u00e9conomie lib\u00e9rale\u00bb.<\/p>\n<p class=\"fig-paragraph\"><a href=\"http:\/\/www.lefigaro.fr\/flash-eco\/bernard-arnault-au-figaro-nous-ne-pouvons-pas-nous-permettre-de-nous-brouiller-avec-les-etats-unis-20250724\" data-fig-type=\"NewsFlash\" data-gtm-custom-categorie=\"navigation\" data-gtm-custom-action=\"crossclick\" data-gtm-custom-label=\"Contextuel\" data-gtm-event=\"customEventSPE\" data-fig-domain=\"LEFIGARO\" target=\"_blank\" rel=\"noopener\">Bernard Arnault<\/a>, PDG du num\u00e9ro un mondial du luxe LVMH, a qualifi\u00e9 l&rsquo;\u00e9conomiste\u00a0<a href=\"http:\/\/www.lefigaro.fr\/vox\/economie\/d-ou-vient-la-complaisance-mediatique-pour-la-taxe-zucman-20250919\" data-fig-type=\"Article\" data-gtm-custom-categorie=\"navigation\" data-gtm-custom-action=\"crossclick\" data-gtm-custom-label=\"Contextuel\" data-gtm-event=\"customEventSPE\" data-fig-domain=\"LEFIGARO\" target=\"_blank\" rel=\"noopener\">Gabriel Zucman<\/a>\u00a0de \u00abmilitant d&rsquo;extr\u00eame gauche\u00bb dont l&rsquo;id\u00e9ologie \u00abvise la destruction de l&rsquo;\u00e9conomie lib\u00e9rale\u00bb dans une d\u00e9claration au Sunday Times publi\u00e9e samedi 20 septembre.<\/p>\n<p class=\"fig-paragraph\">\u00abOn ne comprend pas les positions de Monsieur Zucman si l&rsquo;on oublie qu&rsquo;il est d&rsquo;abord un militant d&rsquo;extr\u00eame gauche. \u00c0 ce titre, il met au service de son id\u00e9ologie (qui vise la destruction de l&rsquo;\u00e9conomie lib\u00e9rale, la seule qui fonctionne pour le bien de tous) une pseudo-comp\u00e9tence universitaire qui elle-m\u00eame fait largement d\u00e9bat\u00bb, a d\u00e9clar\u00e9 l\u2019homme d\u2019affaires au sujet de l&rsquo;\u00e9conomiste auteur d&rsquo;une proposition de taxe sur les tr\u00e8s hauts patrimoines.<\/p>\n<p>                                    <a class=\"fig-a11y-skip a11y-hidden\" href=\"#fig-a11y-skip-main-inarticle\"><br \/>\n        Passer la publicit\u00e9<br \/>\n    <\/a><\/p>\n<p>\u00abMettre \u00e0 terre l\u2019\u00e9conomie fran\u00e7aise\u00bb<\/p>\n<p class=\"fig-paragraph\">Cette mesure consisterait \u00e0 taxer \u00e0 hauteur de 2% par an les patrimoines sup\u00e9rieurs \u00e0 100 millions d\u2019euros, ce qui concerne 1.800 foyers fiscaux. Si elle est critiqu\u00e9e, notamment au centre, \u00e0 droite et dans le monde patronal, o\u00f9 l\u2019on brandit la menace d\u2019un effet d\u00e9l\u00e9t\u00e8re pour l\u2019outil professionnel, elle est fortement soutenue par la gauche, qui y voit un levier pour davantage de justice fiscale.\u00a0<a href=\"http:\/\/www.lefigaro.fr\/flash-eco\/bernard-arnault-au-figaro-nous-ne-pouvons-pas-nous-permettre-de-nous-brouiller-avec-les-etats-unis-20250724\" data-fig-type=\"NewsFlash\" data-gtm-custom-categorie=\"navigation\" data-gtm-custom-action=\"crossclick\" data-gtm-custom-label=\"Contextuel\" data-gtm-event=\"customEventSPE\" data-fig-domain=\"LEFIGARO\" target=\"_blank\" rel=\"noopener\">Bernard Arnault<\/a>\u00a0d\u00e9tient avec sa famille la septi\u00e8me fortune mondiale et la premi\u00e8re fran\u00e7aise selon le magazine Forbes, qui estimait en septembre son patrimoine \u00e0 154 milliards de dollars.<\/p>\n<p class=\"fig-paragraph\">Le PDG juge que Gabriel Zucman \u00abpr\u00e9sente la situation fiscale fran\u00e7aise de mani\u00e8re biais\u00e9e\u00bb. \u00abCar enfin, comment me mettre moi directement en cause alors que je suis certainement le tout premier contribuable \u00e0 titre personnel et l\u2019un des plus importants \u00e0 travers les soci\u00e9t\u00e9s que je dirige\u00bb, d\u00e9clare-t-il. \u00abIl ne s\u2019agit ni d\u2019un d\u00e9bat technique ni \u00e9conomique, mais bien d\u2019une volont\u00e9 clairement formul\u00e9e de mettre \u00e0 terre l\u2019\u00e9conomie fran\u00e7aise\u00bb, accuse-t-il encore.<\/p>\n<p class=\"fig-paragraph\">\u00abJe ne peux pas croire que les forces politiques fran\u00e7aises qui dirigent, ou ont par le pass\u00e9 dirig\u00e9 le pays, puissent pr\u00eater la moindre cr\u00e9dibilit\u00e9 \u00e0 cette offensive mortelle pour notre \u00e9conomie\u00bb, ajoute Bernard Arnault. En 2024, le groupe de luxe LVMH qui poss\u00e8de plus de 75 marques dont Louis Vuitton, Dior, Mo\u00ebt et Hennessy ou encore Chaumet, a r\u00e9alis\u00e9 un chiffre d\u2019affaires de plus de 84 milliards d\u2019euros et un b\u00e9n\u00e9fice de 12,55 milliards d\u2019euros.<\/p>\n","protected":false},"excerpt":{"rendered":"L\u2019homme d\u2019affaires fran\u00e7ais a \u00e9galement tanc\u00e9 la \u00abpseudo-comp\u00e9tence universitaire qui fait largement d\u00e9bat\u00bb de l\u2019\u00e9conomiste, qui \u00abvise la&hellip;\n","protected":false},"author":2,"featured_media":405424,"comment_status":"","ping_status":"","sticky":false,"template":"","format":"standard","meta":{"footnotes":""},"categories":[6],"tags":[3820,35,33,34,1011,27],"class_list":{"0":"post-405423","1":"post","2":"type-post","3":"status-publish","4":"format-standard","5":"has-post-thumbnail","7":"category-economie","8":"tag-bernard-arnault","9":"tag-business","10":"tag-economie","11":"tag-economy","12":"tag-fr","13":"tag-france"},"share_on_mastodon":{"url":"https:\/\/pubeurope.com\/@fr\/115238043964198519","error":""},"_links":{"self":[{"href":"https:\/\/www.europesays.com\/fr\/wp-json\/wp\/v2\/posts\/405423","targetHints":{"allow":["GET"]}}],"collection":[{"href":"https:\/\/www.europesays.com\/fr\/wp-json\/wp\/v2\/posts"}],"about":[{"href":"https:\/\/www.europesays.com\/fr\/wp-json\/wp\/v2\/types\/post"}],"author":[{"embeddable":true,"href":"https:\/\/www.europesays.com\/fr\/wp-json\/wp\/v2\/users\/2"}],"replies":[{"embeddable":true,"href":"https:\/\/www.europesays.com\/fr\/wp-json\/wp\/v2\/comments?post=405423"}],"version-history":[{"count":0,"href":"https:\/\/www.europesays.com\/fr\/wp-json\/wp\/v2\/posts\/405423\/revisions"}],"wp:featuredmedia":[{"embeddable":true,"href":"https:\/\/www.europesays.com\/fr\/wp-json\/wp\/v2\/media\/405424"}],"wp:attachment":[{"href":"https:\/\/www.europesays.com\/fr\/wp-json\/wp\/v2\/media?parent=405423"}],"wp:term":[{"taxonomy":"category","embeddable":true,"href":"https:\/\/www.europesays.com\/fr\/wp-json\/wp\/v2\/categories?post=405423"},{"taxonomy":"post_tag","embeddable":true,"href":"https:\/\/www.europesays.com\/fr\/wp-json\/wp\/v2\/tags?post=405423"}],"curies":[{"name":"wp","href":"https:\/\/api.w.org\/{rel}","templated":true}]}}