{"id":405427,"date":"2025-09-20T18:30:12","date_gmt":"2025-09-20T18:30:12","guid":{"rendered":"https:\/\/www.europesays.com\/fr\/405427\/"},"modified":"2025-09-20T18:30:12","modified_gmt":"2025-09-20T18:30:12","slug":"larrestation-dhicham-harb-est-pour-moi-une-recompense-reagit-marc-trevidic","status":"publish","type":"post","link":"https:\/\/www.europesays.com\/fr\/405427\/","title":{"rendered":"\u00abL\u2019arrestation d\u2019Hicham Harb est pour moi une r\u00e9compense\u00bb, r\u00e9agit Marc Tr\u00e9vidic"},"content":{"rendered":"<p><strong>ENTRETIEN &#8211;<\/strong> Ancien juge d\u2019instruction antiterroriste, Marc Tr\u00e9vidic a men\u00e9 l\u2019enqu\u00eate sur l\u2019attentat de la rue des Rosiers entre 2006 et 2015.<\/p>\n<p class=\"fig-paragraph\"><a href=\"http:\/\/www.lefigaro.fr\/actualite-france\/marc-trevidic-nous-sommes-aujourd-hui-devant-un-terrorisme-pulsionnel-20201204\" data-fig-type=\"Article\" data-gtm-custom-categorie=\"navigation\" data-gtm-custom-action=\"crossclick\" data-gtm-custom-label=\"Contextuel\" data-gtm-event=\"customEventSPE\" data-fig-domain=\"LEFIGARO\" rel=\"nofollow noopener\" target=\"_blank\">Marc Tr\u00e9vidic<\/a> \u00a0est responsable du p\u00f4le criminel \u00e0 la cour d\u2019appel de Versailles et\u00a0<a href=\"https:\/\/www.lefigaro.fr\/bd\/2018\/04\/01\/03014-20180401ARTFIG00003-marc-trevidic-la-bd-est-un-vecteur-interessant-pour-parler-de-l-antiterrorisme.php\" data-fig-type=\"Article\" data-gtm-custom-categorie=\"navigation\" data-gtm-custom-action=\"crossclick\" data-gtm-custom-label=\"Contextuel\" data-gtm-event=\"customEventSPE\" data-fig-domain=\"LEFIGARO\" rel=\"nofollow noopener\" target=\"_blank\">romancier<\/a> . Il a exerc\u00e9 comme juge d\u2019instruction au p\u00f4le\u00a0<a href=\"https:\/\/www.lefigaro.fr\/actualite-france\/vingt-ans-apres-les-fantomes-d-al-qaida-hantent-toujours-l-antiterrorisme-francais-20230522\" data-fig-type=\"Article\" data-gtm-custom-categorie=\"navigation\" data-gtm-custom-action=\"crossclick\" data-gtm-custom-label=\"Contextuel\" data-gtm-event=\"customEventSPE\" data-fig-domain=\"LEFIGARO\" rel=\"nofollow noopener\" target=\"_blank\">antiterrorisme<\/a> \u00a0du tribunal de grande instance de Paris entre 2006 et 2015. En charge notamment de l\u2019enqu\u00eate sur\u00a0<a href=\"http:\/\/www.lefigaro.fr\/actualite-france\/attentat-de-la-rue-des-rosiers-il-y-a-43-ans-des-juifs-tues-a-paris-au-nom-de-la-palestine-20250824\" data-fig-type=\"Article\" data-gtm-custom-categorie=\"navigation\" data-gtm-custom-action=\"crossclick\" data-gtm-custom-label=\"Contextuel\" data-gtm-event=\"customEventSPE\" data-fig-domain=\"LEFIGARO\" rel=\"nofollow noopener\" target=\"_blank\">l\u2019attentat de la rue des Rosiers<\/a> , il a travaill\u00e9 \u00e0 l\u2019identification de plusieurs suspects, dont\u00a0<a href=\"http:\/\/www.lefigaro.fr\/actualite-france\/attentat-de-la-rue-des-rosiers-ce-que-l-on-sait-de-mahmoud-khader-abed-alias-hicham-harb-le-meneur-fantome-arrete-en-cisjordanie-20250919\" data-fig-type=\"Article\" data-gtm-custom-categorie=\"navigation\" data-gtm-custom-action=\"crossclick\" data-gtm-custom-label=\"Contextuel\" data-gtm-event=\"customEventSPE\" data-fig-domain=\"LEFIGARO\" rel=\"nofollow noopener\" target=\"_blank\">Mahmoud Khader Abed<\/a> \u00a0alias Hicham Harb, arr\u00eat\u00e9 vendredi 19 septembre en Cisjordanie.<\/p>\n<p class=\"fig-paragraph\"><strong>LE FIGARO -. Comment avez-vous r\u00e9agi \u00e0 la nouvelle de l\u2019arrestation d\u2019Hicham Harb en Cisjordanie\u00a0?<\/strong><\/p>\n<p class=\"fig-paragraph\"><strong>MARC TR\u00c9VIDIC -.<\/strong> Cela m\u2019a r\u00e9joui et c\u2019est un peu normal. J\u2019ai consacr\u00e9 des ann\u00e9es de travail \u00e0 ce dossier. Quand j\u2019ai repris en main la rue des Rosiers, au d\u00e9part, tout le monde me disait\u00a0: \u00abDe toute fa\u00e7on tu n\u2019y arriveras pas, tu t\u2019emmerdes pour rien.\u00bb Avant de quitter mon poste de juge d\u2019instruction antiterroriste en 2015, j\u2019ai \u00e9mis des mandats d\u2019arr\u00eat internationaux contre plusieurs suspects. Je savais bien que nous n\u2019avions aucune chance de leur mettre la main dessus dans l\u2019imm\u00e9diat.<\/p>\n<p class=\"fig-paragraph\">Mais l\u2019avantage d\u2019un mandat d\u2019arr\u00eat international, c\u2019est que les gens ne peuvent plus circuler. Vous les assignez dans leur pays de r\u00e9sidence et vous r\u00e9duisez consid\u00e9rablement les chances de les perdre dans la nature. Le jour o\u00f9 vous pouvez les arr\u00eater, vous savez o\u00f9 ils sont. En 2015, il n\u2019y avait aucune chance qu\u2019Hicham Harb soit extrad\u00e9. Dix ans apr\u00e8s, son arrestation est pour moi une r\u00e9compense. Mais je suis surtout impressionn\u00e9 par\u2026<\/p>\n<p class=\"fig-premium-paywall__infos\">\n        Cet article est r\u00e9serv\u00e9 aux abonn\u00e9s.        Il vous reste 84% \u00e0 d\u00e9couvrir.\n    <\/p>\n<p>                <img  data- alt=\"Le Figaro\" class=\"fig-img--complete fig-img\"\/><\/p>\n<p class=\"fig-premium-paywall__title\">Vous avez envie de lire la suite ?<\/p>\n<p class=\"fig-premium-paywall__subtitle\">D\u00e9bloquez tous les articles imm\u00e9diatement.<\/p>\n<p class=\"fig-premium-paywall__connect\">\n                D\u00e9j\u00e0 abonn\u00e9\u00a0?                <a class=\"fig-premium-paywall__connect-link\" href=\"https:\/\/connect.lefigaro.fr\/login?client=horizon_web&amp;type=main&amp;redirect_uri=https%3A%2F%2Fwww.lefigaro.fr%2Factualite-france%2Fattentat-de-la-rue-des-rosiers-l-arrestation-d-hicham-harb-est-pour-moi-une-recompense-reagit-marc-trevidic-20250920\" data-js-gtm=\"{&quot;customCategorie&quot;: &quot;conversion&quot;, &quot;customAction&quot;: &quot;before_Landing_Connexion_paywall_manuel&quot;, &quot;customLabel&quot;: &quot;bGVmaWdhcm8uZnJfXzFmMDk1ZjBjLWZlZGItNmI1NC04YWM4LTg3ZGI0M2M4NjZmM19fQXJ0aWNsZQ==_Attentat de la rue des Rosiers\u00a0: \u00abL\u2019arrestation d\u2019Hicham Harb est pour moi une r\u00e9compense\u00bb, r\u00e9agit Marc Tr\u00e9vidic_440&quot;, &quot;customIDSPE&quot;: &quot;bGVmaWdhcm8uZnJfXzFmMDk1ZjBjLWZlZGItNmI1NC04YWM4LTg3ZGI0M2M4NjZmM19fQXJ0aWNsZQ==&quot;, &quot;event&quot;: &quot;customEventSPE&quot;}\" rel=\"nofollow noopener\" target=\"_blank\"><br \/>\n                    Connectez-vous<br \/>\n                <\/a>\n            <\/p>\n","protected":false},"excerpt":{"rendered":"ENTRETIEN &#8211; Ancien juge d\u2019instruction antiterroriste, Marc Tr\u00e9vidic a men\u00e9 l\u2019enqu\u00eate sur l\u2019attentat de la rue des Rosiers&hellip;\n","protected":false},"author":2,"featured_media":405428,"comment_status":"","ping_status":"","sticky":false,"template":"","format":"standard","meta":{"footnotes":""},"categories":[4],"tags":[11,4181,2441,5581,1011,27,6194,53676,12,33709,25,53397],"class_list":{"0":"post-405427","1":"post","2":"type-post","3":"status-publish","4":"format-standard","5":"has-post-thumbnail","7":"category-france","8":"tag-actualites","9":"tag-antiterrorisme","10":"tag-arrestation","11":"tag-attentat","12":"tag-fr","13":"tag-france","14":"tag-magistrats","15":"tag-marc-trevidic","16":"tag-news","17":"tag-parquet-national-antiterroriste","18":"tag-republique-francaise","19":"tag-rue-des-rosiers"},"share_on_mastodon":{"url":"https:\/\/pubeurope.com\/@fr\/115238051854852361","error":""},"_links":{"self":[{"href":"https:\/\/www.europesays.com\/fr\/wp-json\/wp\/v2\/posts\/405427","targetHints":{"allow":["GET"]}}],"collection":[{"href":"https:\/\/www.europesays.com\/fr\/wp-json\/wp\/v2\/posts"}],"about":[{"href":"https:\/\/www.europesays.com\/fr\/wp-json\/wp\/v2\/types\/post"}],"author":[{"embeddable":true,"href":"https:\/\/www.europesays.com\/fr\/wp-json\/wp\/v2\/users\/2"}],"replies":[{"embeddable":true,"href":"https:\/\/www.europesays.com\/fr\/wp-json\/wp\/v2\/comments?post=405427"}],"version-history":[{"count":0,"href":"https:\/\/www.europesays.com\/fr\/wp-json\/wp\/v2\/posts\/405427\/revisions"}],"wp:featuredmedia":[{"embeddable":true,"href":"https:\/\/www.europesays.com\/fr\/wp-json\/wp\/v2\/media\/405428"}],"wp:attachment":[{"href":"https:\/\/www.europesays.com\/fr\/wp-json\/wp\/v2\/media?parent=405427"}],"wp:term":[{"taxonomy":"category","embeddable":true,"href":"https:\/\/www.europesays.com\/fr\/wp-json\/wp\/v2\/categories?post=405427"},{"taxonomy":"post_tag","embeddable":true,"href":"https:\/\/www.europesays.com\/fr\/wp-json\/wp\/v2\/tags?post=405427"}],"curies":[{"name":"wp","href":"https:\/\/api.w.org\/{rel}","templated":true}]}}