{"id":405433,"date":"2025-09-20T18:33:19","date_gmt":"2025-09-20T18:33:19","guid":{"rendered":"https:\/\/www.europesays.com\/fr\/405433\/"},"modified":"2025-09-20T18:33:19","modified_gmt":"2025-09-20T18:33:19","slug":"en-direct-football-suivez-asse-2","status":"publish","type":"post","link":"https:\/\/www.europesays.com\/fr\/405433\/","title":{"rendered":"En direct Football. Suivez ASSE"},"content":{"rendered":"<p>&#13;<br \/>\n                                                    En direct&#13;<br \/>\n                        &#13;\n                                            <\/p>\n<p>Troyes et le Red Star ont assur\u00e9 l&rsquo;essentiel un peu plus t\u00f4t ce week-end en remportant leur match respectif, mettant ainsi la pression sur les Verts s&rsquo;ils veulent garder leur premi\u00e8re place. En face, le Stade de Reims, qui, comme l&rsquo;ASSE descend de Ligue 1 cette saison. Les Champenois jouent, eux aussi, la mont\u00e9e, mais leur d\u00e9but de saison est plus timor\u00e9. Aux hommes d&rsquo;Horneland d&rsquo;en profiter ce samedi soir.<\/p>\n<p>&#13;<br \/>\n              Gabriel Devynck &#8211; &#13;<br \/>\n        &#13;<br \/>\n          Aujourd&rsquo;hui \u00e0 19:15&#13;<br \/>\n    &#13;<br \/>\n                  | mis \u00e0 jour aujourd&rsquo;hui \u00e0 20:31&#13;<br \/>\n              &#8211; Temps de lecture : &#13;<br \/>\n  &#13;\n<\/p>\n<p>                        &#13;<br \/>\n    &#13;<br \/>\n    &#13;<br \/>\n    <a href=\"https:\/\/cdn-s-www.leprogres.fr\/images\/44085786-6C3C-48D1-8B54-FD59E336653A\/NW_raw\/maitres-du-jeu-pendant-plus-d-heure-et-demie-les-stephanois-avaient-pourtant-lache-deux-points-face-a-des-grenoblois-tres-rarement-dangereux-photo-illustration-clara-serrano-1758382820.jpg\" title=\"Ma\u00eetres du jeu pendant plus d\u2019heure et demie, les St\u00e9phanois avaient pourtant l\u00e2ch\u00e9 deux points face \u00e0 des Grenoblois tr\u00e8s rarement dangereux. Photo illustration Clara Serrano\" class=\"chocolat-image GA-tracking\" data-ga_type=\"click\" data-ga_category=\"D\u00e9tail\" data-ga_action=\"zoomer\" data-ga_label=\"aggrandir image\" target=\"_blank\" rel=\"noopener\">&#13;<br \/>\n        <img src=\"https:\/\/www.europesays.com\/fr\/wp-content\/uploads\/2025\/09\/maitres-du-jeu-pendant-plus-d-heure-et-demie-les-stephanois-avaient-pourtant-lache-deux-points-face-.jpeg\"   alt=\"Ma\u00eetres du jeu pendant plus d\u2019heure et demie, les St\u00e9phanois avaient pourtant l\u00e2ch\u00e9 deux points face \u00e0 des Grenoblois tr\u00e8s rarement dangereux. Photo illustration Clara Serrano\" fetchpriority=\"high\" decoding=\"async\" data-mobile=\"NW_detail_M|1758382820\" data-base=\"NW_detail|1758382820\"\/>&#13;<br \/>\n    <\/a>&#13;<\/p>\n<p>Ma\u00eetres du jeu pendant plus d\u2019heure et demie, les St\u00e9phanois avaient pourtant l\u00e2ch\u00e9 deux points face \u00e0 des Grenoblois tr\u00e8s rarement dangereux. Photo illustration Clara Serrano<\/p>\n","protected":false},"excerpt":{"rendered":"&#13; En direct&#13; &#13; Troyes et le Red Star ont assur\u00e9 l&rsquo;essentiel un peu plus t\u00f4t ce week-end&hellip;\n","protected":false},"author":2,"featured_media":405434,"comment_status":"","ping_status":"","sticky":false,"template":"","format":"standard","meta":{"footnotes":""},"categories":[9653],"tags":[1111,11,4000,2430,7539,1777,674,107,63,1011,27,4002,3367,12,25,4001,517],"class_list":{"0":"post-405433","1":"post","2":"type-post","3":"status-publish","4":"format-standard","5":"has-post-thumbnail","7":"category-saint-etienne","8":"tag-actu","9":"tag-actualites","10":"tag-asse-as-saint-etienne-football","11":"tag-auvergne-rhone-alpes","12":"tag-edition-loire-sud","13":"tag-eu","14":"tag-europe","15":"tag-fil-info","16":"tag-football","17":"tag-fr","18":"tag-france","19":"tag-haute-loire","20":"tag-loire","21":"tag-news","22":"tag-republique-francaise","23":"tag-saint-etienne","24":"tag-sport"},"share_on_mastodon":{"url":"https:\/\/pubeurope.com\/@fr\/115238064247652670","error":""},"_links":{"self":[{"href":"https:\/\/www.europesays.com\/fr\/wp-json\/wp\/v2\/posts\/405433","targetHints":{"allow":["GET"]}}],"collection":[{"href":"https:\/\/www.europesays.com\/fr\/wp-json\/wp\/v2\/posts"}],"about":[{"href":"https:\/\/www.europesays.com\/fr\/wp-json\/wp\/v2\/types\/post"}],"author":[{"embeddable":true,"href":"https:\/\/www.europesays.com\/fr\/wp-json\/wp\/v2\/users\/2"}],"replies":[{"embeddable":true,"href":"https:\/\/www.europesays.com\/fr\/wp-json\/wp\/v2\/comments?post=405433"}],"version-history":[{"count":0,"href":"https:\/\/www.europesays.com\/fr\/wp-json\/wp\/v2\/posts\/405433\/revisions"}],"wp:featuredmedia":[{"embeddable":true,"href":"https:\/\/www.europesays.com\/fr\/wp-json\/wp\/v2\/media\/405434"}],"wp:attachment":[{"href":"https:\/\/www.europesays.com\/fr\/wp-json\/wp\/v2\/media?parent=405433"}],"wp:term":[{"taxonomy":"category","embeddable":true,"href":"https:\/\/www.europesays.com\/fr\/wp-json\/wp\/v2\/categories?post=405433"},{"taxonomy":"post_tag","embeddable":true,"href":"https:\/\/www.europesays.com\/fr\/wp-json\/wp\/v2\/tags?post=405433"}],"curies":[{"name":"wp","href":"https:\/\/api.w.org\/{rel}","templated":true}]}}