{"id":405435,"date":"2025-09-20T18:34:21","date_gmt":"2025-09-20T18:34:21","guid":{"rendered":"https:\/\/www.europesays.com\/fr\/405435\/"},"modified":"2025-09-20T18:34:21","modified_gmt":"2025-09-20T18:34:21","slug":"photos-liberation-de-la-ville-de-saint-max-commemoree-pour-la-premiere-fois","status":"publish","type":"post","link":"https:\/\/www.europesays.com\/fr\/405435\/","title":{"rendered":"Photos . Lib\u00e9ration de la ville de Saint-Max comm\u00e9mor\u00e9e pour la premi\u00e8re fois"},"content":{"rendered":"<p>La ville de Saint-Max a comm\u00e9mor\u00e9 pour la premi\u00e8re fois l\u2019anniversaire de sa lib\u00e9ration, 81 ans apr\u00e8s les faits. Port\u00e9e par les recherches du cercle de g\u00e9n\u00e9alogie, la c\u00e9r\u00e9monie a rassembl\u00e9 \u00e9l\u00e8ves, associations patriotiques et t\u00e9moins autour de lectures, expositions et conf\u00e9rences. Un moment de m\u00e9moire collective marqu\u00e9 par la transmission aux jeunes g\u00e9n\u00e9rations.<\/p>\n","protected":false},"excerpt":{"rendered":"La ville de Saint-Max a comm\u00e9mor\u00e9 pour la premi\u00e8re fois l\u2019anniversaire de sa lib\u00e9ration, 81 ans apr\u00e8s les&hellip;\n","protected":false},"author":2,"featured_media":405436,"comment_status":"","ping_status":"","sticky":false,"template":"","format":"standard","meta":{"footnotes":""},"categories":[9635],"tags":[1111,11,1704,1777,674,3326,1011,27,2798,775,937,1702,12,25,16937],"class_list":{"0":"post-405435","1":"post","2":"type-post","3":"status-publish","4":"format-standard","5":"has-post-thumbnail","7":"category-nancy","8":"tag-actu","9":"tag-actualites","10":"tag-edition-nancy-et-agglomeration","11":"tag-eu","12":"tag-europe","13":"tag-fete-locale","14":"tag-fr","15":"tag-france","16":"tag-galerie-photo","17":"tag-grand-est","18":"tag-histoire","19":"tag-nancy","20":"tag-news","21":"tag-republique-francaise","22":"tag-saint-max"},"share_on_mastodon":{"url":"https:\/\/pubeurope.com\/@fr\/115238067501280168","error":""},"_links":{"self":[{"href":"https:\/\/www.europesays.com\/fr\/wp-json\/wp\/v2\/posts\/405435","targetHints":{"allow":["GET"]}}],"collection":[{"href":"https:\/\/www.europesays.com\/fr\/wp-json\/wp\/v2\/posts"}],"about":[{"href":"https:\/\/www.europesays.com\/fr\/wp-json\/wp\/v2\/types\/post"}],"author":[{"embeddable":true,"href":"https:\/\/www.europesays.com\/fr\/wp-json\/wp\/v2\/users\/2"}],"replies":[{"embeddable":true,"href":"https:\/\/www.europesays.com\/fr\/wp-json\/wp\/v2\/comments?post=405435"}],"version-history":[{"count":0,"href":"https:\/\/www.europesays.com\/fr\/wp-json\/wp\/v2\/posts\/405435\/revisions"}],"wp:featuredmedia":[{"embeddable":true,"href":"https:\/\/www.europesays.com\/fr\/wp-json\/wp\/v2\/media\/405436"}],"wp:attachment":[{"href":"https:\/\/www.europesays.com\/fr\/wp-json\/wp\/v2\/media?parent=405435"}],"wp:term":[{"taxonomy":"category","embeddable":true,"href":"https:\/\/www.europesays.com\/fr\/wp-json\/wp\/v2\/categories?post=405435"},{"taxonomy":"post_tag","embeddable":true,"href":"https:\/\/www.europesays.com\/fr\/wp-json\/wp\/v2\/tags?post=405435"}],"curies":[{"name":"wp","href":"https:\/\/api.w.org\/{rel}","templated":true}]}}