{"id":405451,"date":"2025-09-20T18:45:13","date_gmt":"2025-09-20T18:45:13","guid":{"rendered":"https:\/\/www.europesays.com\/fr\/405451\/"},"modified":"2025-09-20T18:45:13","modified_gmt":"2025-09-20T18:45:13","slug":"le-restaurant-jozy-a-ouvert-dans-lune-des-plus-anciennes-rues-de-la-ville","status":"publish","type":"post","link":"https:\/\/www.europesays.com\/fr\/405451\/","title":{"rendered":"le restaurant Jozy a ouvert dans l&rsquo;une des plus anciennes rues de la ville"},"content":{"rendered":"<p>            Par<br \/>\n        <strong><br \/>\n            <a href=\"https:\/\/actu.fr\/auteur\/clemence-pays02-actu-fr\" title=\"Consulter tous les articles de Cl\u00e9mence Pays\" target=\"_blank\" rel=\"noopener\">Cl\u00e9mence Pays<\/a><br \/>\n        <\/strong><\/p>\n<p>        Publi\u00e9 le<\/p>\n<p>            20 sept. 2025 \u00e0 19h41        <\/p>\n<p>Voil\u00e0 moins d\u2019une semaine que <strong>Jozy<\/strong> a ouvert ses portes \u00e0 <a href=\"https:\/\/actu.fr\/rennes\/\" target=\"_blank\" rel=\"noopener\">Rennes<\/a> et ce nouvel \u00e9tablissement fait d\u00e9j\u00e0 le plein. \u00c0 l\u2019entr\u00e9e de la rue Vasselot, <strong>No\u00e9 Vivies<\/strong> et <strong>Lucy Rosedale<\/strong> ont \u00e9tabli leurs quartiers dans la capitale bretonne apr\u00e8s avoir parcouru le monde. Une exp\u00e9rience riche qui a abouti \u00e0 Jozy, \u00ab\u2009un restaurant avec la casquette bar \u00e0 vins\u2009\u00bb.<\/p>\n<p>Un restaurant \u00e9thique<\/p>\n<p class=\" wall-content\">\u00ab\u2009On avait envie d\u2019un restaurant \u00e9thique, dirig\u00e9 par nos fournisseurs\u2009\u00bb, d\u00e9taille No\u00e9. Pour proposer des <strong>produits frais et locaux,<\/strong> le couple travaille avec plusieurs fermes du bassin rennais pour les l\u00e9gumes et des \u00e9leveurs du coin pour la viande (volaille et porc).<\/p>\n<p class=\" wall-content\">\u00ab\u2009Le poisson vient du Finist\u00e8re, du port de Loctudy et est p\u00each\u00e9 avec des m\u00e9thodes douces. On ne voulait <strong>pas de p\u00eache au chalut\u2009\u00bb,<\/strong> poursuit le cuisinier.<\/p>\n<blockquote class=\"ac-article-quote wall-content\">\n<p>Si nos fournisseurs n&rsquo;ont pas un produit, je pr\u00e9f\u00e8re ne pas le bosser, plut\u00f4t que d&rsquo;aller l&rsquo;acheter ailleurs.<\/p>\n<p>    <strong>No\u00e9 Vivies<\/strong><br \/>\n        Co-fondateur et cuisinier de Jozy    <\/p><\/blockquote>\n<p class=\" wall-content\">Une exigence qui oblige donc le restaurateur \u00e0 s\u2019adapter. <strong>\u00ab\u2009Le menu change au moins toutes les semaines.<\/strong> L\u2019id\u00e9e c\u2019est de s\u2019amuser et de ne pas toujours proposer la m\u00eame chose\u2009\u00bb, sourit-il.<\/p>\n<p>Pourquoi \u00ab\u00a0Jozy\u00a0\u00bb ?<\/p>\n<p>\u00ab\u00a0Joz\u00a0\u00bb, c&rsquo;est le nom du bateau du papa de No\u00e9 en r\u00e9f\u00e9rence aux pr\u00e9noms de ses trois enfants : Jeanne, No\u00e9 et Suzanne. Un surnom rapidement adopt\u00e9 par la famille. Famille qui s&rsquo;est agrandie avec l&rsquo;arriv\u00e9e de Lucy, dont le \u00ab\u00a0Y\u00a0\u00bb a \u00e9t\u00e9 ajout\u00e9 pour cr\u00e9er le nom du restaurant.<\/p>\n<p>Un menu d\u00e9gustation<\/p>\n<p class=\" wall-content\">Ainsi, <strong>assiette de fromage ou de charcuterie,<\/strong> saucisse fum\u00e9e feuillet\u00e9e et moules \u2013 pour le c\u00f4t\u00e9 bar \u00e0 vins \u2013 c\u00f4toient des <strong>propositions plus copieuses,<\/strong> telles qu\u2019un mille-feuille de l\u00e9gumes ou encore des p\u00e2tes fra\u00eeches accompagn\u00e9es de rago\u00fbt de cochon.<\/p>\n<p>Votre r\u00e9gion, votre actu !<\/p>\n<p>Recevez chaque jour les infos qui comptent pour vous.<\/p>\n<p>\t<a href=\"https:\/\/actu.fr\/newsletter\" class=\"ac-btn ac-btn--corner ac-btn--medium ac-btn--blue800\" target=\"_blank\" rel=\"noopener\">S&rsquo;incrire<\/a><\/p>\n<p class=\" wall-content\"><a href=\"https:\/\/www.instagram.com\/p\/DOltEcjDJvR\/embed\" title=\"Ouvrir le lien sur Instagram\" target=\"_blank\" rel=\"noopener\">Visualiser le contenu sur Instagram<\/a><\/p>\n<p class=\" wall-content\">Et bien s\u00fbr, des <strong>desserts<\/strong> avec par exemple \u00ab\u2009une madeleine qu\u2019on fait cuire \u00e0 la minute et qui est servie chaude, accompagn\u00e9e d\u2019un sorbet p\u00eache et shiso\u2009\u00bb. \u00ab\u2009J\u2019aime bien<strong> travailler sur le chaud\/froid\u2009\u00bb,<\/strong> souligne le cuisinier.<\/p>\n<p class=\" wall-content\">Alors, aux clients de d\u00e9cider ce qu\u2019ils pr\u00e9f\u00e8rent entre un ap\u00e9ritif d\u00eenatoire ou un repas complet.<\/p>\n<blockquote class=\"ac-article-quote wall-content\">\n<p>On propose aussi un menu d\u00e9gustation en cinq temps, \u00e0 42 euros, tous les jours sauf le dimanche. On veut proposer une exp\u00e9rience pleine, avec des petits gestes et surprises, tout en restant abordables.<\/p>\n<p>    <strong>No\u00e9 Vivies<\/strong><br \/>\n        Co-fondateur et cuisiner de Jozy    <\/p><\/blockquote>\n<p class=\" wall-content\">C\u00f4t\u00e9 boisson, \u00ab\u2009notre <strong>carte des vins<\/strong> contient <strong>plus de 100 r\u00e9f\u00e9rences,<\/strong> surtout en vin nature et bio. On souhaitait avoir un large choix pour toucher tout le monde.\u2009\u00bb<\/p>\n<p class=\" wall-content\">Lucy, sommeli\u00e8re de formation, concocte \u00e9galement des <strong>softs<\/strong> comme du kombucha, des infusions ou de la Ginger beer, le tout maison. \u00ab\u2009Elle propose aussi deux <strong>cocktails<\/strong> par jour\u2009\u00bb, note No\u00e9.<\/p>\n<p>Un format adapt\u00e9 pour le dimanche<\/p>\n<p class=\" wall-content\">Pour le dimanche, le couple a imagin\u00e9 une formule un peu diff\u00e9rente. \u00ab\u2009On aimerait faire un <strong>menu antigaspi,<\/strong> avec tout ce qu\u2019on a dans le frigo et les invendus de fin de march\u00e9 de notre fournisseur de volailles par exemple.\u2009\u00bb<\/p>\n<p class=\" wall-content\">De quoi stimuler la cr\u00e9ativit\u00e9 du cuisinier, tout en respectant les valeurs ch\u00e8res au couple de restaurateurs.<\/p>\n<blockquote class=\"ac-article-quote wall-content\">\n<p>On veut faire de la cuisine simple, mais dans le compliqu\u00e9. <\/p>\n<p>    <strong>No\u00e9 Vivies<\/strong><br \/>\n        Co-fondateur et cuisiner de Jozy    <\/p><\/blockquote>\n<p class=\" wall-content\">\u00ab\u2009On a aussi le projet de proposer un <strong>poulet r\u00f4ti<\/strong> accessible, le dimanche.\u2009\u00bb Et \u00e7a, \u00e0 manger \u00e0 toute heure, puisque le week-end, le restaurant est <strong>ouvert en continu de 12h \u00e0 minuit.<\/strong><\/p>\n<p>Des techniques apprises aux quatre coins du monde<\/p>\n<p class=\" wall-content\">Toutes ces envies, techniques et inspirations Lucy et No\u00e9 sont all\u00e9es les piocher aux quatre coins du monde et des cuisines qu\u2019ils ont arpent\u00e9es.<\/p>\n<p class=\" wall-content\">Pour No\u00e9, la restauration a berc\u00e9 sa jeunesse puisqu\u2019il a pass\u00e9 ses vacances scolaires \u00e0 travailler dans les \u00e9tablissements de son p\u00e8re, <strong>Le Tour du Monde,<\/strong> sp\u00e9cialis\u00e9 dans les moules-frites en Bretagne.<\/p>\n<p class=\" wall-content\">\u00ab\u2009Est venu le moment o\u00f9 il a fallu choisir ce que j\u2019allais faire. Je suis all\u00e9e vers <strong>l\u2019h\u00f4tellerie<\/strong> et j\u2019ai pass\u00e9 six ans \u00e0 <strong>Amsterdam<\/strong> pour me former en restauration et gestion\u2009\u00bb, retrace No\u00e9.<\/p>\n<p>    <img   decoding=\"async\" loading=\"lazy\" src=\"https:\/\/www.europesays.com\/fr\/wp-content\/uploads\/2025\/09\/1-jozy-restaurant-rennes-rue-vasselot-salle-commerce-nouveau-960x640.jpeg\" alt=\"No\u00e9 et Lucy ont souhait\u00e9 laisser de l'espace entre chaque table, pour le confort des clients.\" width=\"960\" height=\"640\"\/><br \/>\n    No\u00e9 et Lucy ont souhait\u00e9 laisser de l\u2019espace entre chaque table, pour le confort des clients. (\u00a9Cl\u00e9mence Pays\/actu Rennes)<\/p>\n<p class=\" wall-content\">D\u00e9sireux de d\u00e9couvrir<strong> \u00ab\u2009la haute cuisine\u2009\u00bb,<\/strong> le Breton s\u2019est envol\u00e9 pour <strong>Hong Kong<\/strong> et fait ses armes chez Amber, triplement \u00e9toil\u00e9 au Guide Michelin. Il retourne finalement \u00e0 Amsterdam vers une cuisine \u00ab\u2009plus simple\u2009\u00bb. Mais le Covid passe par-l\u00e0 et No\u00e9 d\u00e9cide de rentrer en France.<\/p>\n<p class=\" wall-content\">Il int\u00e8gre une entreprise sp\u00e9cialis\u00e9e dans la <strong>cuisine \u00e9v\u00e8nementielle<\/strong> et les restaurants \u00e9ph\u00e9m\u00e8res. C\u2019est l\u00e0 qu\u2019il rencontre <strong>Lucy, originaire de Manchester.<\/strong> En 2023, la fatigue s\u2019installe en raison d\u2019un rythme extr\u00eamement soutenu et des nombreux d\u00e9placements \u00e0 l\u2019\u00e9tranger impos\u00e9 par ce travail. No\u00e9 quitte l\u2019entreprise. Lucy lui embo\u00eete le pas quelques mois plus tard.<\/p>\n<p class=\" wall-content\">Apr\u00e8s un passage en tant que second de cuisine chez <strong>Magma<\/strong> aux c\u00f4t\u00e9s du chef Ryuya Ono, No\u00e9 a \u00ab\u2009envie de calmer le jeu\u2009\u00bb.<\/p>\n<p class=\" wall-content\"><a href=\"https:\/\/www.instagram.com\/p\/DLSy_N6MWTY\/embed\" title=\"Ouvrir le lien sur Instagram\" target=\"_blank\" rel=\"noopener\">Visualiser le contenu sur Instagram<\/a><\/p>\n<p class=\" wall-content\">Avec sa compagne, l\u2019id\u00e9e d\u2019ouvrir leur propre restaurant germe. \u00ab\u2009On est parti en <strong>voyage d\u2019inspiration<\/strong>.\u2009\u00bb<\/p>\n<p class=\" wall-content\"><strong>Japon, Cor\u00e9e, Danemark, Mexique\u2026<\/strong> Les rencontres, stages et exp\u00e9riences professionnelles s\u2019encha\u00eenent \u00e0 travers le globe.<\/p>\n<blockquote class=\"ac-article-quote wall-content\">\n<p>Cela nous a permis de voir ce qui nous pla\u00eet et de ramener des id\u00e9es, comme les oshiburi (des serviettes chaudes ou froides) ou les tapas servies d\u00e8s le d\u00e9but du repas au Mexique. <\/p>\n<p>    <strong>No\u00e9 Vivies<\/strong><br \/>\n        Co-fondateur et cuisinier de Jozy    <\/p><\/blockquote>\n<p class=\" wall-content\">Les valises pleines de connaissances et d\u2019astuces, le couple s\u2019installe \u00e0 Rennes, trouve un local rue Vasselot et <strong>le r\u00e9am\u00e9nage compl\u00e8tement,<\/strong> avec l\u2019aide de proches. Bref, Jozy est n\u00e9 et n\u2019attend plus que les Rennais et Rennaises pour r\u00e9v\u00e9ler toutes ses saveurs.<\/p>\n<p><strong>Infos pratiques\u2009:<\/strong><br \/>Jozy, 42, rue Vasselot, \u00e0 Rennes. Ouvert du mercredi au vendredi, de 17h \u00e0 0h et du samedi au dimanche, de 12h \u00e0 0h.<\/p>\n<p class=\" wall-content\">Personnalisez votre actualit\u00e9 en ajoutant vos villes et m\u00e9dias en favori avec <a href=\"https:\/\/moncompte.actu.fr\" title=\"D\u00e9couvez Mon Actu\" rel=\"nofollow noopener\" data-trk=\"{&quot;cta&quot;:{&quot;action&quot;:&quot;https:\\\/\\\/moncompte.actu.fr&quot;,&quot;category&quot;:&quot;mon compte&quot;,&quot;from&quot;:&quot;article footer&quot;,&quot;name&quot;:&quot;Mon actu&quot;,&quot;type&quot;:&quot;cta&quot;}}\" target=\"_blank\">Mon Actu<\/a>.<\/p>\n<p>                    <script async src=\"\/\/www.instagram.com\/embed.js\"><\/script><\/p>\n","protected":false},"excerpt":{"rendered":"Par Cl\u00e9mence Pays Publi\u00e9 le 20 sept. 2025 \u00e0 19h41 Voil\u00e0 moins d\u2019une semaine que Jozy a ouvert&hellip;\n","protected":false},"author":2,"featured_media":405452,"comment_status":"","ping_status":"","sticky":false,"template":"","format":"standard","meta":{"footnotes":""},"categories":[2821],"tags":[1111,11,829,33,1777,674,1011,27,12,3147,584,25,1340,10619],"class_list":{"0":"post-405451","1":"post","2":"type-post","3":"status-publish","4":"format-standard","5":"has-post-thumbnail","7":"category-rennes","8":"tag-actu","9":"tag-actualites","10":"tag-bretagne","11":"tag-economie","12":"tag-eu","13":"tag-europe","14":"tag-fr","15":"tag-france","16":"tag-news","17":"tag-nouveaux-commerces","18":"tag-rennes","19":"tag-republique-francaise","20":"tag-restaurant","21":"tag-restos-de-rennes"},"share_on_mastodon":{"url":"https:\/\/pubeurope.com\/@fr\/115238111138280300","error":""},"_links":{"self":[{"href":"https:\/\/www.europesays.com\/fr\/wp-json\/wp\/v2\/posts\/405451","targetHints":{"allow":["GET"]}}],"collection":[{"href":"https:\/\/www.europesays.com\/fr\/wp-json\/wp\/v2\/posts"}],"about":[{"href":"https:\/\/www.europesays.com\/fr\/wp-json\/wp\/v2\/types\/post"}],"author":[{"embeddable":true,"href":"https:\/\/www.europesays.com\/fr\/wp-json\/wp\/v2\/users\/2"}],"replies":[{"embeddable":true,"href":"https:\/\/www.europesays.com\/fr\/wp-json\/wp\/v2\/comments?post=405451"}],"version-history":[{"count":0,"href":"https:\/\/www.europesays.com\/fr\/wp-json\/wp\/v2\/posts\/405451\/revisions"}],"wp:featuredmedia":[{"embeddable":true,"href":"https:\/\/www.europesays.com\/fr\/wp-json\/wp\/v2\/media\/405452"}],"wp:attachment":[{"href":"https:\/\/www.europesays.com\/fr\/wp-json\/wp\/v2\/media?parent=405451"}],"wp:term":[{"taxonomy":"category","embeddable":true,"href":"https:\/\/www.europesays.com\/fr\/wp-json\/wp\/v2\/categories?post=405451"},{"taxonomy":"post_tag","embeddable":true,"href":"https:\/\/www.europesays.com\/fr\/wp-json\/wp\/v2\/tags?post=405451"}],"curies":[{"name":"wp","href":"https:\/\/api.w.org\/{rel}","templated":true}]}}